{"id":1351,"date":"2015-03-16T10:39:46","date_gmt":"2015-03-16T09:39:46","guid":{"rendered":"http:\/\/pages.pedf.cuni.cz\/kddd\/?p=1351"},"modified":"2015-03-17T09:20:12","modified_gmt":"2015-03-17T08:20:12","slug":"medievisticka-letni-skola","status":"publish","type":"post","link":"https:\/\/pages.pedf.cuni.cz\/kddd\/medievisticka-letni-skola\/","title":{"rendered":"Medievistick\u00e1 letn\u00ed \u0161kola"},"content":{"rendered":"<p>V\u00e1\u017een\u00e9 kolegyn\u011b, v\u00e1\u017een\u00ed kolegov\u00e9,<\/p>\n<p>po letn\u00edch \u0161kol\u00e1ch ve Florencii (2013) a v Berl\u00edn\u011b (2014) se t\u0159et\u00ed letn\u00ed \u0161kola projektu CENDARI uskute\u010dn\u00ed v \u010dervenci 2015 v Praze. Krom\u011b praktick\u00fdch lekc\u00ed k vyu\u017eit\u00ed r\u016fzn\u00fdch digit\u00e1ln\u00edch n\u00e1stroj\u016f budou na programu i teoretick\u00e9 p\u0159edn\u00e1\u0161ky, z\u00e1kladn\u00ed informace je mo\u017en\u00e9 spolu s online p\u0159ihl\u00e1\u0161kou nal\u00e9zt na n\u00e1sleduj\u00edc\u00edm odkaze, na kter\u00fd bude brzy dopln\u011bn \u00fapln\u00fd program: <a href=\"http:\/\/www.cendari.eu\/summer-school-2015\/\" target=\"_blank\">http:\/\/www.cendari.eu\/summer-school-2015\/<\/a>. V r\u00e1mci akce bude mo\u017en\u00e9 vyzkou\u0161et tak\u00e9 CENDARI Virtual Research Environment. P\u0159ihl\u00e1\u0161ky \u010desk\u00fdch z\u00e1jemc\u016f, zejm\u00e9na doktorand\u016f, jsou v\u00edt\u00e1ny, celkov\u00fd po\u010det \u00fa\u010dastn\u00edk\u016f a cestovn\u00edch stipendi\u00ed je v\u0161ak omezen.<\/p>\n<p>S pozdravy,<\/p>\n<p>Ota Pavl\u00ed\u010dek<\/p>\n<p>Odd\u011blen\u00ed pro studium antick\u00e9ho a st\u0159edov\u011bk\u00e9ho my\u0161len\u00ed FL\u00da AV \u010cR<br \/>\nCollegium Europaeum FF UK a FL\u00da AV \u010cR<\/p>\n","protected":false},"excerpt":{"rendered":"<p>V\u00e1\u017een\u00e9 kolegyn\u011b, v\u00e1\u017een\u00ed kolegov\u00e9, po letn\u00edch \u0161kol\u00e1ch ve Florencii (2013) a v Berl\u00edn\u011b (2014) se t\u0159et\u00ed letn\u00ed \u0161kola projektu CENDARI uskute\u010dn\u00ed v \u010dervenci 2015 v Praze. Krom\u011b praktick\u00fdch lekc\u00ed k vyu\u017eit\u00ed r\u016fzn\u00fdch digit\u00e1ln\u00edch n\u00e1stroj\u016f budou<strong>&#8230;<\/strong><\/p>\n","protected":false},"author":403,"featured_media":0,"comment_status":"closed","ping_status":"closed","sticky":false,"template":"","format":"standard","meta":{"footnotes":""},"categories":[17432],"tags":[],"class_list":["post-1351","post","type-post","status-publish","format-standard","hentry","category-pozvanky"],"_links":{"self":[{"href":"https:\/\/pages.pedf.cuni.cz\/kddd\/wp-json\/wp\/v2\/posts\/1351","targetHints":{"allow":["GET"]}}],"collection":[{"href":"https:\/\/pages.pedf.cuni.cz\/kddd\/wp-json\/wp\/v2\/posts"}],"about":[{"href":"https:\/\/pages.pedf.cuni.cz\/kddd\/wp-json\/wp\/v2\/types\/post"}],"author":[{"embeddable":true,"href":"https:\/\/pages.pedf.cuni.cz\/kddd\/wp-json\/wp\/v2\/users\/403"}],"replies":[{"embeddable":true,"href":"https:\/\/pages.pedf.cuni.cz\/kddd\/wp-json\/wp\/v2\/comments?post=1351"}],"version-history":[{"count":0,"href":"https:\/\/pages.pedf.cuni.cz\/kddd\/wp-json\/wp\/v2\/posts\/1351\/revisions"}],"wp:attachment":[{"href":"https:\/\/pages.pedf.cuni.cz\/kddd\/wp-json\/wp\/v2\/media?parent=1351"}],"wp:term":[{"taxonomy":"category","embeddable":true,"href":"https:\/\/pages.pedf.cuni.cz\/kddd\/wp-json\/wp\/v2\/categories?post=1351"},{"taxonomy":"post_tag","embeddable":true,"href":"https:\/\/pages.pedf.cuni.cz\/kddd\/wp-json\/wp\/v2\/tags?post=1351"}],"curies":[{"name":"wp","href":"https:\/\/api.w.org\/{rel}","templated":true}]}}