{"id":2037,"date":"2015-03-29T12:07:53","date_gmt":"2015-03-29T11:07:53","guid":{"rendered":"http:\/\/pages.pedf.cuni.cz\/kddd\/?p=2037"},"modified":"2015-03-29T12:11:15","modified_gmt":"2015-03-29T11:11:15","slug":"kam-kraci-ucebnice-dejepisu","status":"publish","type":"post","link":"https:\/\/pages.pedf.cuni.cz\/kddd\/kam-kraci-ucebnice-dejepisu\/","title":{"rendered":"Kam kr\u00e1\u010d\u00ed u\u010debnice d\u011bjepisu?"},"content":{"rendered":"<p>Studentsk\u00fd spolek Agora a\u00a0Katedra\u00a0d\u011bjin a didaktiky d\u011bjepisu ve spolupr\u00e1ci s\u00a0\u00dastavem \u010desk\u00fdch d\u011bjin a studentsk\u00fdm spolkem historik\u016f Ffabula v\u00e1s zve na pokra\u010dov\u00e1n\u00ed diskuzn\u00edho f\u00f3ra &#8222;Kam kr\u00e1\u010d\u00ed u\u010debnice d\u011bjepisu?&#8220;. Akce se kon\u00e1 2.4. od 17:30 ve Velk\u00e9m s\u00e1le PedF UK.<\/p>\n<p>Pozv\u00e1n\u00ed p\u0159ijali:<br \/>\nPhDr.\u00a0Jaroslav Najbert &#8211; P\u0159\u00edrodn\u00ed \u0161kola<br \/>\nPhDr.\u00a0Petr Sedl\u00e1k Ph.D. &#8211; Z\u0160 Svitavy<br \/>\nPhDr.\u00a0Veronika V\u00e1lkov\u00e1 &#8211; Gymn\u00e1zium Na Pra\u017ea\u010dce, SPN<br \/>\nIng.\u00a0Michaela Dvo\u0159\u00e1kov\u00e1 Ph.D. &#8211; KOVF, PedF UK<br \/>\nModeruje: PhDr.\u00a0Kamil \u010cin\u00e1tl Ph.D.<\/p>\n<p>Za Studentsk\u00fd spolek Agora z.s. Tom\u00e1\u0161 Bederka, p\u0159edseda<\/p>\n<p><a href=\"https:\/\/pages.pedf.cuni.cz\/kddd\/files\/2015\/03\/u\u010debnice-2.jpg\"><img loading=\"lazy\" decoding=\"async\" class=\"size-medium wp-image-2040\" src=\"https:\/\/pages.pedf.cuni.cz\/kddd\/files\/2015\/03\/u\u010debnice-2-212x300.jpg\" alt=\"Kam kr\u00e1\u010d\u00ed u\u010debnice d\u011bjepisu?\" width=\"212\" height=\"300\" \/><\/a><\/p>\n","protected":false},"excerpt":{"rendered":"<p>Studentsk\u00fd spolek Agora a\u00a0Katedra\u00a0d\u011bjin a didaktiky d\u011bjepisu ve spolupr\u00e1ci s\u00a0\u00dastavem \u010desk\u00fdch d\u011bjin a studentsk\u00fdm spolkem historik\u016f Ffabula v\u00e1s zve na pokra\u010dov\u00e1n\u00ed diskuzn\u00edho f\u00f3ra &#8222;Kam kr\u00e1\u010d\u00ed u\u010debnice d\u011bjepisu?&#8220;. Akce se kon\u00e1 2.4. od 17:30 ve Velk\u00e9m<strong>&#8230;<\/strong><\/p>\n","protected":false},"author":403,"featured_media":0,"comment_status":"closed","ping_status":"closed","sticky":false,"template":"","format":"standard","meta":{"footnotes":""},"categories":[17432],"tags":[],"class_list":["post-2037","post","type-post","status-publish","format-standard","hentry","category-pozvanky"],"_links":{"self":[{"href":"https:\/\/pages.pedf.cuni.cz\/kddd\/wp-json\/wp\/v2\/posts\/2037","targetHints":{"allow":["GET"]}}],"collection":[{"href":"https:\/\/pages.pedf.cuni.cz\/kddd\/wp-json\/wp\/v2\/posts"}],"about":[{"href":"https:\/\/pages.pedf.cuni.cz\/kddd\/wp-json\/wp\/v2\/types\/post"}],"author":[{"embeddable":true,"href":"https:\/\/pages.pedf.cuni.cz\/kddd\/wp-json\/wp\/v2\/users\/403"}],"replies":[{"embeddable":true,"href":"https:\/\/pages.pedf.cuni.cz\/kddd\/wp-json\/wp\/v2\/comments?post=2037"}],"version-history":[{"count":0,"href":"https:\/\/pages.pedf.cuni.cz\/kddd\/wp-json\/wp\/v2\/posts\/2037\/revisions"}],"wp:attachment":[{"href":"https:\/\/pages.pedf.cuni.cz\/kddd\/wp-json\/wp\/v2\/media?parent=2037"}],"wp:term":[{"taxonomy":"category","embeddable":true,"href":"https:\/\/pages.pedf.cuni.cz\/kddd\/wp-json\/wp\/v2\/categories?post=2037"},{"taxonomy":"post_tag","embeddable":true,"href":"https:\/\/pages.pedf.cuni.cz\/kddd\/wp-json\/wp\/v2\/tags?post=2037"}],"curies":[{"name":"wp","href":"https:\/\/api.w.org\/{rel}","templated":true}]}}