{"id":2626,"date":"2015-09-24T20:11:06","date_gmt":"2015-09-24T18:11:06","guid":{"rendered":"http:\/\/pages.pedf.cuni.cz\/kddd\/?p=2626"},"modified":"2015-10-18T19:42:49","modified_gmt":"2015-10-18T17:42:49","slug":"historicke-dilny","status":"publish","type":"post","link":"https:\/\/pages.pedf.cuni.cz\/kddd\/historicke-dilny\/","title":{"rendered":"Historick\u00e9 d\u00edlny"},"content":{"rendered":"<p>P\u0159ijm\u011bte pozv\u00e1nku na Historick\u00e9 d\u00edlny, je\u017e jsou s\u00e9ri\u00ed workshop\u016f, klaodouc\u00edch si za c\u00edl vytvo\u0159it kreativn\u00ed dialog mezi u\u010diteli, studenty a dal\u0161\u00edmi z\u00e1jemci o v\u00fduku minulosti. D\u00edlny se zam\u011b\u0159uj\u00ed na aktu\u00e1ln\u00ed historickou pam\u011b\u0165 a prom\u00fd\u0161lej\u00ed jej\u00ed mo\u017en\u00e9 zapojen\u00ed do d\u011bjepisn\u00e9 v\u00fduky.<\/p>\n<p>Na\u0161e katedra se jich aktivn\u011b \u00fa\u010dastn\u00ed. \u010c\u00e1st d\u00edlen se bude konat i u n\u00e1s &#8211; p\u0159ij\u010fte se p\u0159esv\u011bd\u010dit alespo\u0148 15. 10. od 17.30 do 20.00 hod. !<\/p>\n<p>Viz t\u00e9\u017e<span style=\"color: #ff0000\"> www.historicke-dilny.cz<\/span>.<\/p>\n<p><a href=\"https:\/\/pages.pedf.cuni.cz\/kddd\/wp-content\/uploads\/2015\/09\/brozura_historicke_dilny.pdf\">Historick\u00e9 d\u00edlny &#8211; program<\/a><\/p>\n<p><img loading=\"lazy\" decoding=\"async\" class=\"shrinkToFit\" src=\"https:\/\/kolbaba.pedf.cuni.cz\/roundcube_cp\/?_task=mail&amp;_action=get&amp;_mbox=INBOX&amp;_uid=10394&amp;_part=2&amp;_mimewarning=1&amp;_embed=1&amp;_extwin=1\" alt=\"https:\/\/kolbaba.pedf.cuni.cz\/roundcube_cp\/?_task=mail&amp;_action=get&amp;_mbox=INBOX&amp;_uid=10394&amp;_part=2&amp;_mimewarning=1&amp;_embed=1&amp;_extwin=1\" width=\"756\" height=\"279\" \/><\/p>\n","protected":false},"excerpt":{"rendered":"<p>P\u0159ijm\u011bte pozv\u00e1nku na Historick\u00e9 d\u00edlny, je\u017e jsou s\u00e9ri\u00ed workshop\u016f, klaodouc\u00edch si za c\u00edl vytvo\u0159it kreativn\u00ed dialog mezi u\u010diteli, studenty a dal\u0161\u00edmi z\u00e1jemci o v\u00fduku minulosti. D\u00edlny se zam\u011b\u0159uj\u00ed na aktu\u00e1ln\u00ed historickou pam\u011b\u0165 a prom\u00fd\u0161lej\u00ed jej\u00ed<strong>&#8230;<\/strong><\/p>\n","protected":false},"author":403,"featured_media":0,"comment_status":"closed","ping_status":"closed","sticky":false,"template":"","format":"standard","meta":{"footnotes":""},"categories":[17432],"tags":[],"class_list":["post-2626","post","type-post","status-publish","format-standard","hentry","category-pozvanky"],"_links":{"self":[{"href":"https:\/\/pages.pedf.cuni.cz\/kddd\/wp-json\/wp\/v2\/posts\/2626","targetHints":{"allow":["GET"]}}],"collection":[{"href":"https:\/\/pages.pedf.cuni.cz\/kddd\/wp-json\/wp\/v2\/posts"}],"about":[{"href":"https:\/\/pages.pedf.cuni.cz\/kddd\/wp-json\/wp\/v2\/types\/post"}],"author":[{"embeddable":true,"href":"https:\/\/pages.pedf.cuni.cz\/kddd\/wp-json\/wp\/v2\/users\/403"}],"replies":[{"embeddable":true,"href":"https:\/\/pages.pedf.cuni.cz\/kddd\/wp-json\/wp\/v2\/comments?post=2626"}],"version-history":[{"count":0,"href":"https:\/\/pages.pedf.cuni.cz\/kddd\/wp-json\/wp\/v2\/posts\/2626\/revisions"}],"wp:attachment":[{"href":"https:\/\/pages.pedf.cuni.cz\/kddd\/wp-json\/wp\/v2\/media?parent=2626"}],"wp:term":[{"taxonomy":"category","embeddable":true,"href":"https:\/\/pages.pedf.cuni.cz\/kddd\/wp-json\/wp\/v2\/categories?post=2626"},{"taxonomy":"post_tag","embeddable":true,"href":"https:\/\/pages.pedf.cuni.cz\/kddd\/wp-json\/wp\/v2\/tags?post=2626"}],"curies":[{"name":"wp","href":"https:\/\/api.w.org\/{rel}","templated":true}]}}