{"id":2647,"date":"2015-10-01T12:09:48","date_gmt":"2015-10-01T10:09:48","guid":{"rendered":"http:\/\/pages.pedf.cuni.cz\/kddd\/?p=2647"},"modified":"2015-10-01T12:09:48","modified_gmt":"2015-10-01T10:09:48","slug":"kleio-klub","status":"publish","type":"post","link":"https:\/\/pages.pedf.cuni.cz\/kddd\/kleio-klub\/","title":{"rendered":"KLEIO klub"},"content":{"rendered":"<p>V\u00e1\u017een\u00ed p\u0159\u00edznivci historie a um\u011bn\u00ed,<\/p>\n<p>srde\u010dn\u011b V\u00e1s zveme na podzimn\u00ed akce Kleioklubu. Aktu\u00e1ln\u011b V\u00e1m nab\u00edz\u00edme dv\u011b p\u0159edn\u00e1\u0161ky na t\u00e9ma \u201e<strong>Ryt\u00ed\u0159stv\u00ed jako kulturn\u00ed fenom\u00e9n\u201c<\/strong> (pokra\u010dujeme na ja\u0159e) a cyklus \u201e<strong>Pohromy a katastrofy jako d\u011bjinn\u00e9 zlomy\u201c<\/strong><strong>. <\/strong>Op\u011bt se m\u016f\u017eete t\u011b\u0161it na pana<strong> profesora Petra \u010corneje.<\/strong><\/p>\n<p>P\u0159edn\u00e1\u0161\u00edme nad\u00e1le v kav\u00e1rn\u011b <strong>Liber\u00e1l<\/strong> nedaleko metra Vltavsk\u00e1. Podrobnosti o akc\u00edch najdete v p\u0159ilo\u017een\u00e9m programu a objev\u00ed se rovn\u011b\u017e na na\u0161em webu. Objedn\u00e1vky vstupenek p\u0159ij\u00edm\u00e1me na t\u00e9to mailov\u00e9 adrese, nebo telefonicky (+420 608 815 028). Cena jedn\u00e9 vstupenky je 140,- K\u010d, cena cel\u00e9ho cyklu\u00a0\u201e<strong>Pohromy a katastrofy jako d\u011bjinn\u00e9 zlomy\u201c<\/strong> \u010din\u00ed 700,- K\u010d. P\u0159i objedn\u00e1vce 9 a v\u00edce vstupenek z\u00edsk\u00e1te sl evu.<\/p>\n<p><strong>Prvn\u00ed p\u0159edn\u00e1\u0161ka prob\u011bhne 6. \u0159\u00edjna.<\/strong><\/p>\n<p><strong><strong>Upozor\u0148ujeme na zm\u011bnu dne a za\u010d\u00e1tku p\u0159edn\u00e1\u0161ek. T\u011b\u0161\u00edme se na V\u00e1s v\u017edy v \u00fater\u00fd od 18:00 v kav\u00e1rn\u011b <a href=\"http:\/\/www.kleioklub.cz\/_data_ms\/pwd\/images\/Liberal_mapa.JPG\" target=\"_blank\" rel=\"noreferrer\">Liber\u00e1l<\/a> <\/strong><\/strong>(He\u0159manova 6, Praha 7)<strong>!<\/strong><\/p>\n<p>Se srde\u010dn\u00fdm pozdravem<\/p>\n<p>V\u00e1clava Kofr\u00e1nkov\u00e1 a Dita K\u0159i\u0161\u0165anov\u00e1<\/p>\n<p><a href=\"http:\/\/www.kleioklub.cz\/cs\" target=\"_blank\" rel=\"noreferrer\">www.kleioklub.cz <\/a><\/p>\n<p>tel. +420 608 815 028<\/p>\n<p><a href=\"https:\/\/pages.pedf.cuni.cz\/kddd\/wp-content\/uploads\/2015\/10\/KLEIOKLUB_podzim_program_2015.pdf\">KLEIOKLUB_podzim_program_2015<\/a><\/p>\n","protected":false},"excerpt":{"rendered":"<p>V\u00e1\u017een\u00ed p\u0159\u00edznivci historie a um\u011bn\u00ed, srde\u010dn\u011b V\u00e1s zveme na podzimn\u00ed akce Kleioklubu. Aktu\u00e1ln\u011b V\u00e1m nab\u00edz\u00edme dv\u011b p\u0159edn\u00e1\u0161ky na t\u00e9ma \u201eRyt\u00ed\u0159stv\u00ed jako kulturn\u00ed fenom\u00e9n\u201c (pokra\u010dujeme na ja\u0159e) a cyklus \u201ePohromy a katastrofy jako d\u011bjinn\u00e9 zlomy\u201c. Op\u011bt<strong>&#8230;<\/strong><\/p>\n","protected":false},"author":403,"featured_media":0,"comment_status":"closed","ping_status":"closed","sticky":false,"template":"","format":"standard","meta":{"footnotes":""},"categories":[17432],"tags":[],"class_list":["post-2647","post","type-post","status-publish","format-standard","hentry","category-pozvanky"],"_links":{"self":[{"href":"https:\/\/pages.pedf.cuni.cz\/kddd\/wp-json\/wp\/v2\/posts\/2647","targetHints":{"allow":["GET"]}}],"collection":[{"href":"https:\/\/pages.pedf.cuni.cz\/kddd\/wp-json\/wp\/v2\/posts"}],"about":[{"href":"https:\/\/pages.pedf.cuni.cz\/kddd\/wp-json\/wp\/v2\/types\/post"}],"author":[{"embeddable":true,"href":"https:\/\/pages.pedf.cuni.cz\/kddd\/wp-json\/wp\/v2\/users\/403"}],"replies":[{"embeddable":true,"href":"https:\/\/pages.pedf.cuni.cz\/kddd\/wp-json\/wp\/v2\/comments?post=2647"}],"version-history":[{"count":0,"href":"https:\/\/pages.pedf.cuni.cz\/kddd\/wp-json\/wp\/v2\/posts\/2647\/revisions"}],"wp:attachment":[{"href":"https:\/\/pages.pedf.cuni.cz\/kddd\/wp-json\/wp\/v2\/media?parent=2647"}],"wp:term":[{"taxonomy":"category","embeddable":true,"href":"https:\/\/pages.pedf.cuni.cz\/kddd\/wp-json\/wp\/v2\/categories?post=2647"},{"taxonomy":"post_tag","embeddable":true,"href":"https:\/\/pages.pedf.cuni.cz\/kddd\/wp-json\/wp\/v2\/tags?post=2647"}],"curies":[{"name":"wp","href":"https:\/\/api.w.org\/{rel}","templated":true}]}}