{"id":2696,"date":"2015-10-11T22:00:01","date_gmt":"2015-10-11T20:00:01","guid":{"rendered":"http:\/\/pages.pedf.cuni.cz\/kddd\/?p=2696"},"modified":"2015-10-11T22:00:24","modified_gmt":"2015-10-11T20:00:24","slug":"2696-2","status":"publish","type":"post","link":"https:\/\/pages.pedf.cuni.cz\/kddd\/2696-2\/","title":{"rendered":"Antika v Kosmov\u011b kronice a Latinsk\u00e1 liter\u00e1rn\u00ed h\u00e1danka v ran\u00e9m st\u0159edov\u011bku"},"content":{"rendered":"<div class=\"textLayer\">\n<div>Mil\u00e9 kolegyn\u011b, mil\u00ed kolegov\u00e9,<\/div>\n<div>srde\u010dn\u011b v\u00e1s zveme na tradi\u010dn\u00ed podzimn\u00ed semin\u00e1\u0159 Asociace u\u010ditel\u016f klasick\u00fdch jazyk\u016f ALFA,jeho\u017e jednot\u00edc\u00edm t\u00e9matem<\/div>\n<div>tentokr\u00e1t bude medievistika.<\/div>\n<div>P\u0159\u00edsp\u011bvky proslov\u00ed:<\/div>\n<div>doc. PhDr. Lubor Kysu\u010dan, Ph.D. (Katedra klasick\u00e9 filologie FF Univerzity Palack\u00e9ho v Olomouci) na t\u00e9ma<\/div>\n<h3>Antika v Kosmov\u011b kronice<\/h3>\n<div>P\u0159edn\u00e1\u0161ka se zam\u011b\u0159\u00ed na anal\u00fdzu motiv\u016f z antick\u00e9 mytologie, historie a literatury v Kosmov\u011b kronice Chronica Boemorum a Kosm\u016fv zp\u016fsob \u201ezach\u00e1zen\u00ed\u201c s antikou. Problematika bude ilustrov\u00e1na na kapitole XL z Kosmovy kroniky popisuj\u00edc\u00ed \u00fanos Jitky ze svinibrodsk\u00e9ho kl\u00e1\u0161tera budouc\u00edm \u010desk\u00fdm kn\u00ed\u017eetem B\u0159etislavem. \u010cetba a interpretace p\u0159\u00edslu\u0161n\u00e9 kapitoly bude tvo\u0159it praktickou \u010d\u00e1st p\u0159edn\u00e1\u0161ky\/semin\u00e1\u0159e.<\/div>\n<div>a<\/div>\n<div>Mgr. Pavel \u0160ev\u010d\u00edk (\u00dastav klasick\u00fdch studi\u00ed FF Masarykovy univerzity v Brn\u011b) na t\u00e9ma<\/div>\n<h3>Latinsk\u00e1 liter\u00e1rn\u00ed h\u00e1danka v ran\u00e9m st\u0159edov\u011bku.<\/h3>\n<div>Semin\u00e1\u0159 se bude konat v sobotu 28. listopadu 2015 od 10:00 v prostor\u00e1ch \u00dastavu \u0159eck\u00fdch a latinsk\u00fdch studi\u00ed Filozofick\u00e9 fakulty UK (m\u00edstnost \u010d. 147, 1. patro), Celetn\u00e1 20, Praha 1.<\/div>\n<div><\/div>\n<div>T\u011b\u0161\u00edme se na setk\u00e1n\u00ed s v\u00e1mi.<\/div>\n<div>Lenka Dvo\u0159\u00e1kov\u00e1 a Jakub \u017dytek<\/div>\n<\/div>\n","protected":false},"excerpt":{"rendered":"<p>Mil\u00e9 kolegyn\u011b, mil\u00ed kolegov\u00e9, srde\u010dn\u011b v\u00e1s zveme na tradi\u010dn\u00ed podzimn\u00ed semin\u00e1\u0159 Asociace u\u010ditel\u016f klasick\u00fdch jazyk\u016f ALFA,jeho\u017e jednot\u00edc\u00edm t\u00e9matem tentokr\u00e1t bude medievistika. P\u0159\u00edsp\u011bvky proslov\u00ed: doc. PhDr. Lubor Kysu\u010dan, Ph.D. (Katedra klasick\u00e9 filologie FF Univerzity Palack\u00e9ho v<strong>&#8230;<\/strong><\/p>\n","protected":false},"author":403,"featured_media":0,"comment_status":"closed","ping_status":"closed","sticky":false,"template":"","format":"standard","meta":{"footnotes":""},"categories":[17432],"tags":[],"class_list":["post-2696","post","type-post","status-publish","format-standard","hentry","category-pozvanky"],"_links":{"self":[{"href":"https:\/\/pages.pedf.cuni.cz\/kddd\/wp-json\/wp\/v2\/posts\/2696","targetHints":{"allow":["GET"]}}],"collection":[{"href":"https:\/\/pages.pedf.cuni.cz\/kddd\/wp-json\/wp\/v2\/posts"}],"about":[{"href":"https:\/\/pages.pedf.cuni.cz\/kddd\/wp-json\/wp\/v2\/types\/post"}],"author":[{"embeddable":true,"href":"https:\/\/pages.pedf.cuni.cz\/kddd\/wp-json\/wp\/v2\/users\/403"}],"replies":[{"embeddable":true,"href":"https:\/\/pages.pedf.cuni.cz\/kddd\/wp-json\/wp\/v2\/comments?post=2696"}],"version-history":[{"count":0,"href":"https:\/\/pages.pedf.cuni.cz\/kddd\/wp-json\/wp\/v2\/posts\/2696\/revisions"}],"wp:attachment":[{"href":"https:\/\/pages.pedf.cuni.cz\/kddd\/wp-json\/wp\/v2\/media?parent=2696"}],"wp:term":[{"taxonomy":"category","embeddable":true,"href":"https:\/\/pages.pedf.cuni.cz\/kddd\/wp-json\/wp\/v2\/categories?post=2696"},{"taxonomy":"post_tag","embeddable":true,"href":"https:\/\/pages.pedf.cuni.cz\/kddd\/wp-json\/wp\/v2\/tags?post=2696"}],"curies":[{"name":"wp","href":"https:\/\/api.w.org\/{rel}","templated":true}]}}