{"id":2844,"date":"2015-11-17T10:26:27","date_gmt":"2015-11-17T09:26:27","guid":{"rendered":"http:\/\/pages.pedf.cuni.cz\/kddd\/?p=2844"},"modified":"2015-11-17T10:26:27","modified_gmt":"2015-11-17T09:26:27","slug":"putovni-vystava-pamatky-nas-bavi","status":"publish","type":"post","link":"https:\/\/pages.pedf.cuni.cz\/kddd\/putovni-vystava-pamatky-nas-bavi\/","title":{"rendered":"Putovn\u00ed v\u00fdstava Pam\u00e1tky n\u00e1s bav\u00ed"},"content":{"rendered":"<p>V\u00e1\u017een\u00e9 kolegyn\u011b, v\u00e1\u017een\u00ed kolegov\u00e9,<\/p>\n<p>dovoluji si V\u00e1s po\u017e\u00e1dat o zve\u0159ejn\u011bn\u00ed pozv\u00e1nky na v\u00fdstavu Pam\u00e1tky n\u00e1s bav\u00ed, kter\u00e1 se uskute\u010dn\u00ed na Pedagogick\u00e9 fakult\u011b UK od 25. listopadu do 16. prosince 2015.<\/p>\n<p>R\u00e1di bychom t\u00edmto zp\u016fsobem symbolicky uzav\u0159ely projekt NAKI <em>Vzd\u011bl\u00e1vac\u00ed role N\u00e1rodn\u00edho pam\u00e1tkov\u00e9ho \u00fastavu: Edukace jako kl\u00ed\u010dov\u00fd n\u00e1stroj zkvalitn\u011bn\u00ed p\u00e9\u010de o kulturn\u00ed d\u011bdictv\u00ed v \u010cR<\/em>, na kter\u00e9m na\u0161e fakulta participovala v letech 2012 &#8211; 2015.<\/p>\n<p>Vernis\u00e1\u017e pob\u011bhne dne 25. 11. v 16:15 hod. Dne 16. prosince 2015 se od 16:30 do 18:00 hod. uskute\u010dn\u00ed tak\u00e9 tv\u016fr\u010d\u00ed d\u00edlna a prezentace fakultn\u00edch pam\u00e1tkov\u00fdch objekt\u016f.<\/p>\n<p>P\u0159edem d\u011bkuji za pomoc<\/p>\n<p>Hana Havl\u016fjov\u00e1<\/p>\n<p><a href=\"https:\/\/pages.pedf.cuni.cz\/kddd\/wp-content\/uploads\/2015\/11\/Vystava_Pamatky-nas-bavi_pozvanka.pdf\">Vystava_Pamatky-nas-bavi_pozvanka<\/a><\/p>\n","protected":false},"excerpt":{"rendered":"<p>V\u00e1\u017een\u00e9 kolegyn\u011b, v\u00e1\u017een\u00ed kolegov\u00e9, dovoluji si V\u00e1s po\u017e\u00e1dat o zve\u0159ejn\u011bn\u00ed pozv\u00e1nky na v\u00fdstavu Pam\u00e1tky n\u00e1s bav\u00ed, kter\u00e1 se uskute\u010dn\u00ed na Pedagogick\u00e9 fakult\u011b UK od 25. listopadu do 16. prosince 2015. R\u00e1di bychom t\u00edmto zp\u016fsobem symbolicky<strong>&#8230;<\/strong><\/p>\n","protected":false},"author":403,"featured_media":0,"comment_status":"closed","ping_status":"closed","sticky":false,"template":"","format":"standard","meta":{"footnotes":""},"categories":[17432],"tags":[],"class_list":["post-2844","post","type-post","status-publish","format-standard","hentry","category-pozvanky"],"_links":{"self":[{"href":"https:\/\/pages.pedf.cuni.cz\/kddd\/wp-json\/wp\/v2\/posts\/2844","targetHints":{"allow":["GET"]}}],"collection":[{"href":"https:\/\/pages.pedf.cuni.cz\/kddd\/wp-json\/wp\/v2\/posts"}],"about":[{"href":"https:\/\/pages.pedf.cuni.cz\/kddd\/wp-json\/wp\/v2\/types\/post"}],"author":[{"embeddable":true,"href":"https:\/\/pages.pedf.cuni.cz\/kddd\/wp-json\/wp\/v2\/users\/403"}],"replies":[{"embeddable":true,"href":"https:\/\/pages.pedf.cuni.cz\/kddd\/wp-json\/wp\/v2\/comments?post=2844"}],"version-history":[{"count":0,"href":"https:\/\/pages.pedf.cuni.cz\/kddd\/wp-json\/wp\/v2\/posts\/2844\/revisions"}],"wp:attachment":[{"href":"https:\/\/pages.pedf.cuni.cz\/kddd\/wp-json\/wp\/v2\/media?parent=2844"}],"wp:term":[{"taxonomy":"category","embeddable":true,"href":"https:\/\/pages.pedf.cuni.cz\/kddd\/wp-json\/wp\/v2\/categories?post=2844"},{"taxonomy":"post_tag","embeddable":true,"href":"https:\/\/pages.pedf.cuni.cz\/kddd\/wp-json\/wp\/v2\/tags?post=2844"}],"curies":[{"name":"wp","href":"https:\/\/api.w.org\/{rel}","templated":true}]}}