{"id":3584,"date":"2016-06-08T13:50:43","date_gmt":"2016-06-08T11:50:43","guid":{"rendered":"http:\/\/pages.pedf.cuni.cz\/kddd\/?p=3584"},"modified":"2016-06-08T13:53:15","modified_gmt":"2016-06-08T11:53:15","slug":"praha-rozdelena-i-sdilena","status":"publish","type":"post","link":"https:\/\/pages.pedf.cuni.cz\/kddd\/praha-rozdelena-i-sdilena\/","title":{"rendered":"PRAHA ROZD\u011aLEN\u00c1 I SD\u00cdLEN\u00c1"},"content":{"rendered":"<div>P\u0159ijm\u011bte pozv\u00e1n\u00ed na komponovan\u00fd ve\u010der a prom\u00edt\u00e1n\u00ed filmu &#8222;Mu\u017ei v offsajdu&#8220;.<\/div>\n<div>Kdy: 14.6.2016 od 17:30,<\/div>\n<div>Kde: kino Ponrepo<\/div>\n<div><\/div>\n<div>\n<div>Byla opravdu Praha p\u0159\u00edsn\u011b rozd\u011blen\u00e1 na \u010deskou a n\u011bmeckou \u010d\u00e1st? A kam pat\u0159ili \u017did\u00e9? B\u011bhem komponovan\u00e9ho ve\u010dera na t\u00e9ma \u201ePraha rozd\u011blen\u00e1 i sd\u00edlen\u00e1\u201c V\u00e1m histori\u010dka Ines Koeltzsch p\u0159edstav\u00ed kl\u00ed\u010dovou tezi z jej\u00ed stejnojmenn\u00e9 knihy, \u017ee se v mnoha rovin\u00e1ch ka\u017edodenn\u00edho \u017eivota v\u0161echny pra\u017esk\u00e9 n\u00e1rodnosti potk\u00e1valy &#8211; a\u0165 u\u017e se jednalo o kav\u00e1rny, kina, popul\u00e1rn\u00ed samoobslu\u017en\u00e9 restaurace \u201eautomaty\u201c a pr\u00e1v\u011b fotbal.<\/div>\n<div>P\u0159edstaven\u00ed knihy a projektu Multikulturn\u00edho centra Praha za\u010dne v 17:30 (v kin\u011b Ponrepo, Bartolom\u011bjsk\u00e1 11) a bude n\u00e1sledovat prom\u00edt\u00e1n\u00ed filmu \u201eMu\u017ei v ofsajdu\u201c. Po prom\u00edt\u00e1n\u00ed bychom V\u00e1s r\u00e1di pozvali na mal\u00e9 ob\u010derstven\u00ed.<\/div>\n<div><\/div>\n<div>Vstupenky na film budou k zakoupen\u00ed v pokladn\u011b Kina Ponrepo.<\/div>\n<div><\/div>\n<div><a href=\"https:\/\/pages.pedf.cuni.cz\/kddd\/wp-content\/uploads\/2016\/06\/Pozvanka_Praha-rozd\u011blena-i-sdilena.pdf\">Pozvanka_Praha rozd\u011blena i sdilena<\/a><\/div>\n<\/div>\n","protected":false},"excerpt":{"rendered":"<p>P\u0159ijm\u011bte pozv\u00e1n\u00ed na komponovan\u00fd ve\u010der a prom\u00edt\u00e1n\u00ed filmu &#8222;Mu\u017ei v offsajdu&#8220;. Kdy: 14.6.2016 od 17:30, Kde: kino Ponrepo Byla opravdu Praha p\u0159\u00edsn\u011b rozd\u011blen\u00e1 na \u010deskou a n\u011bmeckou \u010d\u00e1st? A kam pat\u0159ili \u017did\u00e9? B\u011bhem komponovan\u00e9ho ve\u010dera<strong>&#8230;<\/strong><\/p>\n","protected":false},"author":403,"featured_media":0,"comment_status":"closed","ping_status":"closed","sticky":false,"template":"","format":"standard","meta":{"footnotes":""},"categories":[17432],"tags":[],"class_list":["post-3584","post","type-post","status-publish","format-standard","hentry","category-pozvanky"],"_links":{"self":[{"href":"https:\/\/pages.pedf.cuni.cz\/kddd\/wp-json\/wp\/v2\/posts\/3584","targetHints":{"allow":["GET"]}}],"collection":[{"href":"https:\/\/pages.pedf.cuni.cz\/kddd\/wp-json\/wp\/v2\/posts"}],"about":[{"href":"https:\/\/pages.pedf.cuni.cz\/kddd\/wp-json\/wp\/v2\/types\/post"}],"author":[{"embeddable":true,"href":"https:\/\/pages.pedf.cuni.cz\/kddd\/wp-json\/wp\/v2\/users\/403"}],"replies":[{"embeddable":true,"href":"https:\/\/pages.pedf.cuni.cz\/kddd\/wp-json\/wp\/v2\/comments?post=3584"}],"version-history":[{"count":0,"href":"https:\/\/pages.pedf.cuni.cz\/kddd\/wp-json\/wp\/v2\/posts\/3584\/revisions"}],"wp:attachment":[{"href":"https:\/\/pages.pedf.cuni.cz\/kddd\/wp-json\/wp\/v2\/media?parent=3584"}],"wp:term":[{"taxonomy":"category","embeddable":true,"href":"https:\/\/pages.pedf.cuni.cz\/kddd\/wp-json\/wp\/v2\/categories?post=3584"},{"taxonomy":"post_tag","embeddable":true,"href":"https:\/\/pages.pedf.cuni.cz\/kddd\/wp-json\/wp\/v2\/tags?post=3584"}],"curies":[{"name":"wp","href":"https:\/\/api.w.org\/{rel}","templated":true}]}}