{"id":3909,"date":"2016-11-08T10:34:40","date_gmt":"2016-11-08T09:34:40","guid":{"rendered":"http:\/\/pages.pedf.cuni.cz\/kddd\/?p=3909"},"modified":"2016-11-08T10:34:40","modified_gmt":"2016-11-08T09:34:40","slug":"latina-vedeli-jste-ze-se-pocitace-nasazovaly-uz-v-roce-1949","status":"publish","type":"post","link":"https:\/\/pages.pedf.cuni.cz\/kddd\/latina-vedeli-jste-ze-se-pocitace-nasazovaly-uz-v-roce-1949\/","title":{"rendered":"Latina: V\u011bd\u011bli jste, \u017ee se po\u010d\u00edta\u010de nasazovaly u\u017e v roce 1949?"},"content":{"rendered":"<p>Zveme v\u0161echny z\u00e1jemce nejen o latinu na zaj\u00edmavou p\u0159edn\u00e1\u0161ku o digitalizaci 20.-21. stolet\u00ed:<\/p>\n<h3>Cesta slovn\u00edk\u016f st\u0159edov\u011bk\u00e9 latiny do digit\u00e1ln\u00edho v\u011bku<\/h3>\n<div>P\u0159edn\u00e1\u0161ka se bude v\u011bnovat prom\u011bn\u00e1m slovn\u00edk\u016f (p\u0159edev\u0161\u00edm slovn\u00edk\u016fst\u0159edov\u011bk\u00e9 latiny) v pr\u016fb\u011bhu stalet\u00ed a zasad\u00ed je do \u0161ir\u0161\u00edho kontextu v\u00fdvoje n\u00e1rok\u016f na v\u011bdeckou pr\u00e1ci. Zkoum\u00e1n\u00ed st\u0159edov\u011bk\u00e9 latiny s pomoc\u00ed po\u010d\u00edta\u010d\u016f za\u010dalo ji\u017e v<\/div>\n<div>roce 1949, ale p\u0159edt\u00edm, ne\u017e mohly b\u00fdt vyu\u017eity pro tvorbu st\u0159edolatinsk\u00fdch slovn\u00edk\u016f, bylo nutno p\u0159ekonat n\u011bkolik p\u0159ek\u00e1\u017eek nejen technick\u00e9ho r\u00e1zu. Z\u00e1v\u011br p\u0159edn\u00e1\u0161ky pojedn\u00e1 o vyu\u017e\u00edv\u00e1n\u00ed po\u010d\u00edta\u010d\u016f pro studium \u010desk\u00e9 st\u0159edov\u011bk\u00e9 latiny, p\u0159edstav\u00ed nov\u011b digitalizovanou kartot\u00e9ku Slovn\u00edku st\u0159edov\u011bk\u00e9 latiny v \u010desk\u00fdch zem\u00edch a pokus\u00ed se odhadnout budouc\u00ed v\u00fdvoj na tomto poli.<\/div>\n<div><\/div>\n<div>Mo\u017en\u00e1 v budoucnu uv\u00edt\u00e1te mo\u017enost vyu\u017e\u00edv\u00e1n\u00ed tohoto slovn\u00edku na internetu!<\/div>\n<div><\/div>\n<div>Pozv\u00e1nka s up\u0159esn\u011bn\u00edm zde: <a href=\"https:\/\/pages.pedf.cuni.cz\/kddd\/files\/2016\/11\/Pozv\u00e1nka-p\u0159edn\u00e1\u0161ka-PC-a-st\u0159edolatinsk\u00e1-lexikografie.pdf\">pozvanka-prednaska-pc-a-stredolatinska-lexikografie<\/a>.<\/div>\n","protected":false},"excerpt":{"rendered":"<p>Zveme v\u0161echny z\u00e1jemce nejen o latinu na zaj\u00edmavou p\u0159edn\u00e1\u0161ku o digitalizaci 20.-21. stolet\u00ed: Cesta slovn\u00edk\u016f st\u0159edov\u011bk\u00e9 latiny do digit\u00e1ln\u00edho v\u011bku P\u0159edn\u00e1\u0161ka se bude v\u011bnovat prom\u011bn\u00e1m slovn\u00edk\u016f (p\u0159edev\u0161\u00edm slovn\u00edk\u016fst\u0159edov\u011bk\u00e9 latiny) v pr\u016fb\u011bhu stalet\u00ed a zasad\u00ed je<strong>&#8230;<\/strong><\/p>\n","protected":false},"author":403,"featured_media":0,"comment_status":"closed","ping_status":"closed","sticky":false,"template":"","format":"standard","meta":{"footnotes":""},"categories":[17432],"tags":[],"class_list":["post-3909","post","type-post","status-publish","format-standard","hentry","category-pozvanky"],"_links":{"self":[{"href":"https:\/\/pages.pedf.cuni.cz\/kddd\/wp-json\/wp\/v2\/posts\/3909","targetHints":{"allow":["GET"]}}],"collection":[{"href":"https:\/\/pages.pedf.cuni.cz\/kddd\/wp-json\/wp\/v2\/posts"}],"about":[{"href":"https:\/\/pages.pedf.cuni.cz\/kddd\/wp-json\/wp\/v2\/types\/post"}],"author":[{"embeddable":true,"href":"https:\/\/pages.pedf.cuni.cz\/kddd\/wp-json\/wp\/v2\/users\/403"}],"replies":[{"embeddable":true,"href":"https:\/\/pages.pedf.cuni.cz\/kddd\/wp-json\/wp\/v2\/comments?post=3909"}],"version-history":[{"count":1,"href":"https:\/\/pages.pedf.cuni.cz\/kddd\/wp-json\/wp\/v2\/posts\/3909\/revisions"}],"predecessor-version":[{"id":3911,"href":"https:\/\/pages.pedf.cuni.cz\/kddd\/wp-json\/wp\/v2\/posts\/3909\/revisions\/3911"}],"wp:attachment":[{"href":"https:\/\/pages.pedf.cuni.cz\/kddd\/wp-json\/wp\/v2\/media?parent=3909"}],"wp:term":[{"taxonomy":"category","embeddable":true,"href":"https:\/\/pages.pedf.cuni.cz\/kddd\/wp-json\/wp\/v2\/categories?post=3909"},{"taxonomy":"post_tag","embeddable":true,"href":"https:\/\/pages.pedf.cuni.cz\/kddd\/wp-json\/wp\/v2\/tags?post=3909"}],"curies":[{"name":"wp","href":"https:\/\/api.w.org\/{rel}","templated":true}]}}