{"id":4221,"date":"2017-03-11T16:19:46","date_gmt":"2017-03-11T15:19:46","guid":{"rendered":"http:\/\/pages.pedf.cuni.cz\/kddd\/?p=4221"},"modified":"2017-03-11T16:19:46","modified_gmt":"2017-03-11T15:19:46","slug":"letni-skola-klasickych-studii-xxv-2017","status":"publish","type":"post","link":"https:\/\/pages.pedf.cuni.cz\/kddd\/letni-skola-klasickych-studii-xxv-2017\/","title":{"rendered":"Letn\u00ed \u0161kola klasick\u00fdch studi\u00ed XXV, 2017"},"content":{"rendered":"<p>P\u0159ijm\u011bte pozv\u00e1n\u00ed na Letn\u00ed \u0161kolu klasick\u00fdch studi\u00ed, je\u017e v\u00e1s provede stalet\u00edmi s antikou v z\u00e1dech!<\/p>\n<p>Podrobnosti naleznete <a href=\"http:\/\/www.ics.cas.cz\/index.php\/cs\/letni-kola\/aktualn\">zde<\/a>. Anotace jednotliv\u00fdch p\u0159\u00edsp\u011bvk\u016f naleznete <a href=\"http:\/\/www.ics.cas.cz\/images\/stories\/LSKS_17\/AnotaceLSKS.pdf\">zde<\/a>.<\/p>\n<p>Z na\u0161\u00ed katedry se aktivn\u011b z\u00fa\u010dastn\u00ed prof. V\u00edt Vlnas s p\u0159edn\u00e1\u0161kou na t\u00e9ma <em>Antika kl\u00ed\u010dovou d\u00edrkou vid\u011bn\u00e1<\/em>.<\/p>\n","protected":false},"excerpt":{"rendered":"<p>P\u0159ijm\u011bte pozv\u00e1n\u00ed na Letn\u00ed \u0161kolu klasick\u00fdch studi\u00ed, je\u017e v\u00e1s provede stalet\u00edmi s antikou v z\u00e1dech! Podrobnosti naleznete <a href=\"http:\/\/www.ics.cas.cz\/index.php\/cs\/letni-kola\/aktualn\">zde<\/a> . Anotace jednotliv\u00fdch p\u0159\u00edsp\u011bvk\u016f naleznete <a href=\"http:\/\/www.ics.cas.cz\/images\/stories\/LSKS_17\/AnotaceLSKS.pdf\">zde<\/a> . Z na\u0161\u00ed katedry se aktivn\u011b z\u00fa\u010dastn\u00ed prof. V\u00edt Vlnas s p\u0159edn\u00e1\u0161kou na<strong>&#8230;<\/strong><\/p>\n","protected":false},"author":403,"featured_media":0,"comment_status":"closed","ping_status":"closed","sticky":false,"template":"","format":"standard","meta":{"footnotes":""},"categories":[17432],"tags":[],"class_list":["post-4221","post","type-post","status-publish","format-standard","hentry","category-pozvanky"],"_links":{"self":[{"href":"https:\/\/pages.pedf.cuni.cz\/kddd\/wp-json\/wp\/v2\/posts\/4221","targetHints":{"allow":["GET"]}}],"collection":[{"href":"https:\/\/pages.pedf.cuni.cz\/kddd\/wp-json\/wp\/v2\/posts"}],"about":[{"href":"https:\/\/pages.pedf.cuni.cz\/kddd\/wp-json\/wp\/v2\/types\/post"}],"author":[{"embeddable":true,"href":"https:\/\/pages.pedf.cuni.cz\/kddd\/wp-json\/wp\/v2\/users\/403"}],"replies":[{"embeddable":true,"href":"https:\/\/pages.pedf.cuni.cz\/kddd\/wp-json\/wp\/v2\/comments?post=4221"}],"version-history":[{"count":1,"href":"https:\/\/pages.pedf.cuni.cz\/kddd\/wp-json\/wp\/v2\/posts\/4221\/revisions"}],"predecessor-version":[{"id":4222,"href":"https:\/\/pages.pedf.cuni.cz\/kddd\/wp-json\/wp\/v2\/posts\/4221\/revisions\/4222"}],"wp:attachment":[{"href":"https:\/\/pages.pedf.cuni.cz\/kddd\/wp-json\/wp\/v2\/media?parent=4221"}],"wp:term":[{"taxonomy":"category","embeddable":true,"href":"https:\/\/pages.pedf.cuni.cz\/kddd\/wp-json\/wp\/v2\/categories?post=4221"},{"taxonomy":"post_tag","embeddable":true,"href":"https:\/\/pages.pedf.cuni.cz\/kddd\/wp-json\/wp\/v2\/tags?post=4221"}],"curies":[{"name":"wp","href":"https:\/\/api.w.org\/{rel}","templated":true}]}}