{"id":4254,"date":"2017-03-27T20:16:57","date_gmt":"2017-03-27T18:16:57","guid":{"rendered":"http:\/\/pages.pedf.cuni.cz\/kddd\/?p=4254"},"modified":"2017-03-27T20:16:57","modified_gmt":"2017-03-27T18:16:57","slug":"otroci-treti-rise","status":"publish","type":"post","link":"https:\/\/pages.pedf.cuni.cz\/kddd\/otroci-treti-rise\/","title":{"rendered":"OTROCI T\u0158ET\u00cd \u0158\u00cd\u0160E"},"content":{"rendered":"<p>\u00dastav\u00a0pro\u00a0studium\u00a0totalitn\u00edch\u00a0re\u017eim\u016f\u00a0a\u00a0Institut\u00a0Terez\u00ednsk\u00e9 iniciativy\u00a0zvou\u00a0na\u00a0prezentaci\u00a0knihy\u00a0historika\u00a0Alfonse\u00a0Adama\u00a0OTROCI<br \/>\nT\u0158ET\u00cd\u00a0\u0158\u00cd\u0160E.\u00a0POBO\u010cN\u00c9\u00a0KONCENTRA\u010cN\u00cd\u00a0T\u00c1BORY\u00a0NA\u00a0\u00daZEM\u00cd\u00a0\u010cESK\u00c9<br \/>\nREPUBLIKY,\u00a0kter\u00e1\u00a0se\u00a0uskute\u010dn\u00ed\u00a0ve\u00a0\u010dtvrtek\u00a030.\u00a0B\u0158EZNA\u00a02017\u00a0OD\u00a017<br \/>\nHODIN\u00a0v\u00a0INFORMA\u010cN\u00cdM\u00a0ST\u0158EDISKU\u00a0POSLANECK\u00c9\u00a0SN\u011aMOVNY\u00a0NA\u00a0MALOSTRANSK\u00c9M<br \/>\nN\u00c1M\u011aST\u00cd\u00a06\/18,\u00a0PRAHA\u00a01\u00a0(v\u00a0podloub\u00ed\u00a0pal\u00e1ce\u00a0Smi\u0159ick\u00fdch).<\/p>\n<p>B\u011bhem\u00a0druh\u00e9\u00a0sv\u011btov\u00e9\u00a0v\u00e1lky\u00a0postupn\u011b\u00a0vzniklo\u00a0na\u00a0\u00fazem\u00ed\u00a0dne\u0161n\u00ed<br \/>\n\u010cesk\u00e9\u00a0republiky\u00a0na\u00a0t\u0159icet\u00a0osm\u00a0pobo\u010dn\u00fdch\u00a0koncentra\u010dn\u00edch\u00a0t\u00e1bor\u016f.<br \/>\nSpadaly\u00a0pod\u00a0koncentra\u010dn\u00ed\u00a0t\u00e1bory\u00a0Flossenb\u00fcrg,\u00a0Gross-Rosen\u00a0a\u00a0Osv\u011btim<br \/>\na\u00a0pracovali\u00a0v\u00a0nich\u00a0\u017eeny\u00a0i\u00a0mu\u017ei\u00a0z\u00a0mnoha\u00a0st\u00e1t\u016f\u00a0Evropy,\u00a0\u017eidov\u0161t\u00ed\u00a0i<br \/>\npoliti\u010dt\u00ed\u00a0v\u011bzni.\u00a0V\u00a0p\u0159ev\u00e1\u017en\u00e9\u00a0v\u011bt\u0161in\u011b\u00a0se\u00a0t\u00e1bory\u00a0nach\u00e1zely\u00a0v<br \/>\n\u0158\u00ed\u0161sk\u00e9\u00a0\u017eup\u011b\u00a0Sudety.\u00a0Mezi\u00a0podniky\u00a0zam\u011bstn\u00e1vaj\u00edc\u00edmi\u00a0v\u011bzn\u011b\u00a0a<br \/>\nkoncentra\u010dn\u00edmi\u00a0t\u00e1bory\u00a0se\u00a0rozvinul\u00a0propracovan\u00fd\u00a0syst\u00e9m\u00a0spolupr\u00e1ce.<br \/>\nNucen\u00e9\u00a0pr\u00e1ce\u00a0v\u00a0pobo\u010dn\u00fdch\u00a0koncentra\u010dn\u00edch\u00a0t\u00e1borech\u00a0byly\u00a0sou\u010d\u00e1st\u00ed<br \/>\nprom\u011bny\u00a0\u017eupy\u00a0Sudety\u00a0ve\u00a0v\u00fdrobn\u00ed\u00a0prostor\u00a0\u0158\u00ed\u0161e\u00a0a\u00a0nekompromisn\u00edm<br \/>\nzp\u016fsobem\u00a0zm\u011bnily\u00a0celkovou\u00a0atmosf\u00e9ru\u00a0v\u00a0regionu.\u00a0Knihu\u00a0OTROCI\u00a0T\u0158ET\u00cd<br \/>\n\u0158\u00cd\u0160E.\u00a0POBO\u010cN\u00c9\u00a0KONCENTRA\u010cN\u00cd\u00a0T\u00c1BORY\u00a0NA\u00a0\u00daZEM\u00cd\u00a0\u010cESK\u00c9\u00a0REPUBLIKY,<br \/>\nkterou\u00a0vydalo\u00a0nakladatelstv\u00ed\u00a0GplusG\u00a0v\u00a0roce\u00a02016,\u00a0p\u0159edstav\u00ed\u00a0jej\u00ed<br \/>\nautor,\u00a0historik\u00a0Alfons\u00a0Adam,\u00a0jen\u017e\u00a0se\u00a0t\u00e9matu\u00a0nucen\u00fdch\u00a0prac\u00ed<br \/>\ndlouhodob\u011b\u00a0v\u011bnuje.<br \/>\n<span class=\"sig\">&#8212;<br \/>\nEli\u0161ka\u00a0Waageov\u00e1<br \/>\nInstitut\u00a0Terez\u00ednsk\u00e9\u00a0iniciativy\/Terezin\u00a0Initiative\u00a0Institute\/Institut<br \/>\nTheresienst\u00e4dter\u00a0Initiative<br \/>\nJ\u00e1chymova\u00a063\/3<br \/>\n110\u00a000\u00a0Praha-Prague-Prag\u00a01<br \/>\nOffice:\u00a0+420222317013<br \/>\nGSM:\u00a0+420737432233<br \/>\ne-mail:\u00a0<a href=\"mailto:eliska.waageova@terezinstudies.cz\">eliska.waageova@terezinstudies.cz<\/a>\u00a0holocaust.cz\u00a0[<a href=\"http:\/\/www.holocaust.cz\" target=\"_blank\" rel=\"noreferrer\">1<\/a>]\n[<a href=\"https:\/\/givt.cz\/\" target=\"_blank\" rel=\"noreferrer\">2<\/a>]\n<p>Links:<br \/>\n&#8212;&#8212;<br \/>\n[1]\u00a0<a href=\"http:\/\/www.holocaust.cz\" target=\"_blank\" rel=\"noreferrer\">http:\/\/www.holocaust.cz<\/a><br \/>\n[2]\u00a0<a href=\"https:\/\/givt.cz\/\" target=\"_blank\" rel=\"noreferrer\">https:\/\/givt.cz\/<\/a><\/span><\/p>\n","protected":false},"excerpt":{"rendered":"<p>\u00dastav\u00a0pro\u00a0studium\u00a0totalitn\u00edch\u00a0re\u017eim\u016f\u00a0a\u00a0Institut\u00a0Terez\u00ednsk\u00e9 iniciativy\u00a0zvou\u00a0na\u00a0prezentaci\u00a0knihy\u00a0historika\u00a0Alfonse\u00a0Adama\u00a0OTROCI T\u0158ET\u00cd\u00a0\u0158\u00cd\u0160E.\u00a0POBO\u010cN\u00c9\u00a0KONCENTRA\u010cN\u00cd\u00a0T\u00c1BORY\u00a0NA\u00a0\u00daZEM\u00cd\u00a0\u010cESK\u00c9 REPUBLIKY,\u00a0kter\u00e1\u00a0se\u00a0uskute\u010dn\u00ed\u00a0ve\u00a0\u010dtvrtek\u00a030.\u00a0B\u0158EZNA\u00a02017\u00a0OD\u00a017 HODIN\u00a0v\u00a0INFORMA\u010cN\u00cdM\u00a0ST\u0158EDISKU\u00a0POSLANECK\u00c9\u00a0SN\u011aMOVNY\u00a0NA\u00a0MALOSTRANSK\u00c9M N\u00c1M\u011aST\u00cd\u00a06\/18,\u00a0PRAHA\u00a01\u00a0(v\u00a0podloub\u00ed\u00a0pal\u00e1ce\u00a0Smi\u0159ick\u00fdch). B\u011bhem\u00a0druh\u00e9\u00a0sv\u011btov\u00e9\u00a0v\u00e1lky\u00a0postupn\u011b\u00a0vzniklo\u00a0na\u00a0\u00fazem\u00ed\u00a0dne\u0161n\u00ed \u010cesk\u00e9\u00a0republiky\u00a0na\u00a0t\u0159icet\u00a0osm\u00a0pobo\u010dn\u00fdch\u00a0koncentra\u010dn\u00edch\u00a0t\u00e1bor\u016f. Spadaly\u00a0pod\u00a0koncentra\u010dn\u00ed\u00a0t\u00e1bory\u00a0Flossenb\u00fcrg,\u00a0Gross-Rosen\u00a0a\u00a0Osv\u011btim a\u00a0pracovali\u00a0v\u00a0nich\u00a0\u017eeny\u00a0i\u00a0mu\u017ei\u00a0z\u00a0mnoha\u00a0st\u00e1t\u016f\u00a0Evropy,\u00a0\u017eidov\u0161t\u00ed\u00a0i politi\u010dt\u00ed\u00a0v\u011bzni.\u00a0V\u00a0p\u0159ev\u00e1\u017en\u00e9\u00a0v\u011bt\u0161in\u011b\u00a0se\u00a0t\u00e1bory\u00a0nach\u00e1zely\u00a0v \u0158\u00ed\u0161sk\u00e9\u00a0\u017eup\u011b\u00a0Sudety.\u00a0Mezi\u00a0podniky\u00a0zam\u011bstn\u00e1vaj\u00edc\u00edmi\u00a0v\u011bzn\u011b\u00a0a koncentra\u010dn\u00edmi\u00a0t\u00e1bory\u00a0se\u00a0rozvinul\u00a0propracovan\u00fd\u00a0syst\u00e9m\u00a0spolupr\u00e1ce. Nucen\u00e9\u00a0pr\u00e1ce\u00a0v\u00a0pobo\u010dn\u00fdch\u00a0koncentra\u010dn\u00edch\u00a0t\u00e1borech\u00a0byly\u00a0sou\u010d\u00e1st\u00ed prom\u011bny\u00a0\u017eupy\u00a0Sudety\u00a0ve\u00a0v\u00fdrobn\u00ed\u00a0prostor\u00a0\u0158\u00ed\u0161e\u00a0a\u00a0nekompromisn\u00edm zp\u016fsobem\u00a0zm\u011bnily\u00a0celkovou\u00a0atmosf\u00e9ru\u00a0v\u00a0regionu.\u00a0Knihu\u00a0OTROCI\u00a0T\u0158ET\u00cd \u0158\u00cd\u0160E.\u00a0POBO\u010cN\u00c9\u00a0KONCENTRA\u010cN\u00cd\u00a0T\u00c1BORY\u00a0NA\u00a0\u00daZEM\u00cd\u00a0\u010cESK\u00c9\u00a0REPUBLIKY, kterou\u00a0vydalo\u00a0nakladatelstv\u00ed\u00a0GplusG\u00a0v\u00a0roce\u00a02016,\u00a0p\u0159edstav\u00ed\u00a0jej\u00ed autor,\u00a0historik\u00a0Alfons\u00a0Adam,\u00a0jen\u017e\u00a0se\u00a0t\u00e9matu\u00a0nucen\u00fdch\u00a0prac\u00ed dlouhodob\u011b\u00a0v\u011bnuje. &#8212; Eli\u0161ka\u00a0Waageov\u00e1 Institut\u00a0Terez\u00ednsk\u00e9\u00a0iniciativy\/Terezin\u00a0Initiative\u00a0Institute\/Institut Theresienst\u00e4dter\u00a0Initiative J\u00e1chymova\u00a063\/3 110\u00a000\u00a0Praha-Prague-Prag\u00a01 Office:\u00a0+420222317013 GSM:\u00a0+420737432233 e-mail:\u00a0 <a href=\"mailto:eliska.waageova@terezinstudies.cz\">eliska.waageova@terezinstudies.cz<\/a> \u00a0holocaust.cz\u00a0[ <a href=\"http:\/\/www.holocaust.cz\" target=\"_blank\" rel=\"noreferrer\">1<\/a> ] [ <a href=\"https:\/\/givt.cz\/\" target=\"_blank\" rel=\"noreferrer\">2<\/a> ] Links: &#8212;&#8212;<strong>&#8230;<\/strong><\/p>\n","protected":false},"author":403,"featured_media":0,"comment_status":"closed","ping_status":"closed","sticky":false,"template":"","format":"standard","meta":{"footnotes":""},"categories":[17432],"tags":[],"class_list":["post-4254","post","type-post","status-publish","format-standard","hentry","category-pozvanky"],"_links":{"self":[{"href":"https:\/\/pages.pedf.cuni.cz\/kddd\/wp-json\/wp\/v2\/posts\/4254","targetHints":{"allow":["GET"]}}],"collection":[{"href":"https:\/\/pages.pedf.cuni.cz\/kddd\/wp-json\/wp\/v2\/posts"}],"about":[{"href":"https:\/\/pages.pedf.cuni.cz\/kddd\/wp-json\/wp\/v2\/types\/post"}],"author":[{"embeddable":true,"href":"https:\/\/pages.pedf.cuni.cz\/kddd\/wp-json\/wp\/v2\/users\/403"}],"replies":[{"embeddable":true,"href":"https:\/\/pages.pedf.cuni.cz\/kddd\/wp-json\/wp\/v2\/comments?post=4254"}],"version-history":[{"count":1,"href":"https:\/\/pages.pedf.cuni.cz\/kddd\/wp-json\/wp\/v2\/posts\/4254\/revisions"}],"predecessor-version":[{"id":4255,"href":"https:\/\/pages.pedf.cuni.cz\/kddd\/wp-json\/wp\/v2\/posts\/4254\/revisions\/4255"}],"wp:attachment":[{"href":"https:\/\/pages.pedf.cuni.cz\/kddd\/wp-json\/wp\/v2\/media?parent=4254"}],"wp:term":[{"taxonomy":"category","embeddable":true,"href":"https:\/\/pages.pedf.cuni.cz\/kddd\/wp-json\/wp\/v2\/categories?post=4254"},{"taxonomy":"post_tag","embeddable":true,"href":"https:\/\/pages.pedf.cuni.cz\/kddd\/wp-json\/wp\/v2\/tags?post=4254"}],"curies":[{"name":"wp","href":"https:\/\/api.w.org\/{rel}","templated":true}]}}