{"id":4285,"date":"2017-04-11T09:14:37","date_gmt":"2017-04-11T07:14:37","guid":{"rendered":"http:\/\/pages.pedf.cuni.cz\/kddd\/?p=4285"},"modified":"2017-10-06T23:00:33","modified_gmt":"2017-10-06T21:00:33","slug":"velky-uspech-studentu-kddd","status":"publish","type":"post","link":"https:\/\/pages.pedf.cuni.cz\/kddd\/velky-uspech-studentu-kddd\/","title":{"rendered":"Velk\u00fd \u00fasp\u011bch student\u016f KDDD"},"content":{"rendered":"<p>Velk\u00fd \u00fasp\u011bch student\u016f KDDD<\/p>\n<p>Celost\u00e1tn\u00ed studentskou sout\u011b\u017e <strong>Historie 2016<\/strong> vyhr\u00e1la <strong>Veronika Svobodov\u00e1<\/strong> s\u00a0prac\u00ed <strong><em>Pokusnictv\u00ed v\u00a0\u010ceskoslovensku na p\u0159\u00edkladu \u0161kol v\u00a0Michli, Nusl\u00edch a Hostiva\u0159i.<\/em><\/strong><\/p>\n<p>Ddal\u0161\u00ed z\u00e1stupce student\u016f KDDD, <strong>Juda Kaleta,<\/strong> z\u00edskal se svou prac\u00ed<strong> <em>\u201eZ \u017e\u00e1dn\u00e9 vysokosti aneb pohrd\u00e1n\u00ed v\u011b\u0159\u00edm\u2026\u201c Sonda do zbo\u017enosti \u0161lechty v\u00a0Jednot\u011b bratrsk\u00e9 p\u0159ed n\u00e1stupem evropsk\u00e9 reformace na z\u00e1klad\u011b \u017eivota Johanky z\u00a0Krajku a jej\u00edho Vyzn\u00e1n\u00ed v\u00edry <\/em><\/strong>z\u00edskal <strong>p\u00e1t\u00e9 m\u00edsto<\/strong>. Kaletovu pr\u00e1ci je\u0161t\u011b ocenilo Sdru\u017een\u00ed \u010desk\u00fdch historik\u016f \u010cesk\u00e9 republiky, ud\u011bluj\u00edc\u00ed <strong>Cenu Josefa \u0160usty<\/strong>.<\/p>\n<p>Celost\u00e1tn\u00ed studentsk\u00e1 v\u011bdeck\u00e1 konference <strong>Historie 2016<\/strong> se konala ve dnech 6.-7. dubna 2017. Uspo\u0159\u00e1dal ji Historick\u00fd \u00fastav Filozofick\u00e9 fakulty Jiho\u010desk\u00e9 univerzity. Konferenci obeslaly fakulty z\u00a0Prahy, Pardubic, Plzn\u011b, Hradce Kr\u00e1lov\u00e9, Liberce, \u00dast\u00ed n. Labem, Brna, Olomouce, Ostravy a \u010cesk\u00fdch Bud\u011bjovic. Zazn\u011blo na n\u00ed 26 p\u0159\u00edsp\u011bvk\u016f. Nejv\u00edce (9) vystoupen\u00ed se t\u00fdkalo problematiky 20. stolet\u00ed, dal\u0161\u00ed obdob\u00ed (st\u0159edov\u011bk, ran\u00fd novov\u011bk, 19. stolet\u00ed) byla zastoupena v\u00edce m\u00e9n\u011b rovnom\u011brn\u011b.<\/p>\n<p>Na prvn\u00ed pozici se vedle Veroniky Svobodov\u00e9 um\u00edstil se stejn\u00fdm po\u010dtem bod\u016f je\u0161t\u011b <strong>Filip V\u00e1vra<\/strong> (Pardubice) s\u00a0prac\u00ed<em> V\u00a0hlavn\u00ed roli ambas\u00e1da. Diplomat\u016fv d\u016fm a problematika jeho dr\u017eby na p\u0159\u00edklad\u011b rusk\u00e9 mise Franti\u0161ka Karla hrab\u011bte Vratislava z\u00a0Mitrovic v\u00a0letech 1728-1733,<\/em> o p\u00e1t\u00e9 m\u00edsto se s\u00a0Kaletou d\u011bl\u00ed je\u0161t\u011b A<strong>nna Nov\u00e1kov\u00e1<\/strong> (Olomouc), <em>Ameri\u010dt\u00ed Amadisov\u00e9. Ryt\u00ed\u0159sk\u00e1 dobrodru\u017estv\u00ed v\u00a0Nov\u00e9m sv\u011bt\u011b na p\u0159\u00edkladu sebeprezentace Hern\u00e1na Cort\u00e9se v\u00a0Cartas\u00a0 de R\u00e9laci\u00f3n.<\/em><\/p>\n<p>V\u00a0sout\u011b\u017ei o Cenu Josefa \u0160usty z\u00edskal prvn\u00ed m\u00edsto v\u00fd\u0161e uveden\u00fd <strong>Filip V\u00e1vra<\/strong>.<\/p>\n","protected":false},"excerpt":{"rendered":"<p>Velk\u00fd \u00fasp\u011bch student\u016f KDDD Celost\u00e1tn\u00ed studentskou sout\u011b\u017e Historie 2016 vyhr\u00e1la Veronika Svobodov\u00e1 s\u00a0prac\u00ed Pokusnictv\u00ed v\u00a0\u010ceskoslovensku na p\u0159\u00edkladu \u0161kol v\u00a0Michli, Nusl\u00edch a Hostiva\u0159i. Ddal\u0161\u00ed z\u00e1stupce student\u016f KDDD, Juda Kaleta, z\u00edskal se svou prac\u00ed \u201eZ \u017e\u00e1dn\u00e9 vysokosti<strong>&#8230;<\/strong><\/p>\n","protected":false},"author":403,"featured_media":0,"comment_status":"closed","ping_status":"closed","sticky":false,"template":"","format":"standard","meta":{"footnotes":""},"categories":[16617],"tags":[],"class_list":["post-4285","post","type-post","status-publish","format-standard","hentry","category-zpravy"],"_links":{"self":[{"href":"https:\/\/pages.pedf.cuni.cz\/kddd\/wp-json\/wp\/v2\/posts\/4285","targetHints":{"allow":["GET"]}}],"collection":[{"href":"https:\/\/pages.pedf.cuni.cz\/kddd\/wp-json\/wp\/v2\/posts"}],"about":[{"href":"https:\/\/pages.pedf.cuni.cz\/kddd\/wp-json\/wp\/v2\/types\/post"}],"author":[{"embeddable":true,"href":"https:\/\/pages.pedf.cuni.cz\/kddd\/wp-json\/wp\/v2\/users\/403"}],"replies":[{"embeddable":true,"href":"https:\/\/pages.pedf.cuni.cz\/kddd\/wp-json\/wp\/v2\/comments?post=4285"}],"version-history":[{"count":1,"href":"https:\/\/pages.pedf.cuni.cz\/kddd\/wp-json\/wp\/v2\/posts\/4285\/revisions"}],"predecessor-version":[{"id":4286,"href":"https:\/\/pages.pedf.cuni.cz\/kddd\/wp-json\/wp\/v2\/posts\/4285\/revisions\/4286"}],"wp:attachment":[{"href":"https:\/\/pages.pedf.cuni.cz\/kddd\/wp-json\/wp\/v2\/media?parent=4285"}],"wp:term":[{"taxonomy":"category","embeddable":true,"href":"https:\/\/pages.pedf.cuni.cz\/kddd\/wp-json\/wp\/v2\/categories?post=4285"},{"taxonomy":"post_tag","embeddable":true,"href":"https:\/\/pages.pedf.cuni.cz\/kddd\/wp-json\/wp\/v2\/tags?post=4285"}],"curies":[{"name":"wp","href":"https:\/\/api.w.org\/{rel}","templated":true}]}}