{"id":4754,"date":"2018-01-16T11:01:38","date_gmt":"2018-01-16T10:01:38","guid":{"rendered":"http:\/\/pages.pedf.cuni.cz\/kddd\/?p=4754"},"modified":"2018-04-25T14:31:37","modified_gmt":"2018-04-25T12:31:37","slug":"historie-2018-celostatni-studentska-vedecka-konference","status":"publish","type":"post","link":"https:\/\/pages.pedf.cuni.cz\/kddd\/historie-2018-celostatni-studentska-vedecka-konference\/","title":{"rendered":"Historie 2018 &#8211; Celost\u00e1tn\u00ed studentsk\u00e1 v\u011bdeck\u00e1 konference"},"content":{"rendered":"<p>Vysoko\u0161kol\u0161t\u00ed studenti historie a p\u0159\u00edbuzn\u00fdch obor\u016f se ka\u017edoro\u010dn\u011b setk\u00e1vaj\u00ed sout\u011b\u017e\u00ed se sv\u00fdmi p\u0159\u00edsp\u011bvky na <em>Celost\u00e1tn\u00ed studentsk\u00e9 v\u011bdeck\u00e9 konferenci \u201eHistorie\u201c.<\/em><\/p>\n<p>Dosud se konaly tyto konference: 1995 v Ostrav\u011b, 1996 v Hradci Kr\u00e1lov\u00e9, 1997 v Brn\u011b, 1998 v Praze, 1999 v Olomouci, 2000 v \u010cesk\u00fdch Bud\u011bjovic\u00edch, 2001 v \u00dast\u00ed nad Labem, 2002 v Opav\u011b, 2003 v Pardubic\u00edch, 2004v Brn\u011b, 2005 v Liberci, 2006 v Ostrav\u011b, 2007v Praze, 2008 v Hradci Kr\u00e1lov\u00e9, 2009 v \u00dast\u00ed nad Labem, 2010 v Olomouci, 2011 v Opav\u011b, 2012 v Plzni, 2013 v Pardubic\u00edch, 2014v Liberci, 2015\/16 v Brn\u011b, 2016\/17 \u010cesk\u00fdch Bud\u011bjovic\u00edch. Letos se organizace ujala Katedra d\u011bjin a didaktiky d\u011bjepisu Pedagogick\u00e9 fakulty Univerzity Karlovy v\u00a0Praze.<\/p>\n<p>Celost\u00e1tn\u00ed studentsk\u00e1 v\u011bdeck\u00e1 konference Historie 2018 se bude konat 11.-12. dubna 2018 na Pedagogick\u00e9 fakult\u011b UK, Magdal\u00e9ny Rettigov\u00e9 4, Praha 1, v m\u00edstnosti R 016 (st\u0159eda 11. dubna) a R 112 (\u010dtvrtek 12. dubna). V\u00fdsledek studentsk\u00e9 v\u011bdeck\u00e9 konference bude vyhl\u00e1\u0161en ve \u010dtvrtek 12. dubna 2018.<\/p>\n<p>Z\u00e1rove\u0148\u00a0 vyhl\u00e1s\u00ed v z\u00e1v\u011bru konference \u010clenov\u00e9 odborn\u00e9 hodnotitelsk\u00e9 komise v\u00fdboru Sdru\u017een\u00ed historik\u016f \u010cesk\u00e9 republiky (Historick\u00e9ho klubu 1872) nejlep\u0161\u00ed pr\u00e1ci, je\u017e z\u00edsk\u00e1 Cenu Josefa \u0160usty.<\/p>\n<ul>\n<li><a href=\"https:\/\/pages.pedf.cuni.cz\/kddd\/files\/2018\/01\/CSVK_Pozvanka-2018-.pdf\">CSVK 2017\/18 &#8211; Pozv\u00e1nka<\/a><\/li>\n<li><a href=\"https:\/\/pages.pedf.cuni.cz\/kddd\/files\/2018\/01\/CSVK-Statuta-2018-opr.pdf\">CSVK 2017\/18 &#8211; Statuta 2018<\/a><\/li>\n<li><a href=\"https:\/\/pages.pedf.cuni.cz\/kddd\/celostatni-studentska-vedecka-konference-studentske-prace\/\">CSVK 2017\/18 &#8211; Studentsk\u00e9 pr\u00e1ce<\/a><\/li>\n<li><a href=\"https:\/\/pages.pedf.cuni.cz\/kddd\/files\/2018\/01\/CSVK-s-logem-final-2.docx\">CSVK 2017\/18 &#8211; Program konference<\/a><\/li>\n<li><a href=\"https:\/\/pages.pedf.cuni.cz\/kddd\/files\/2018\/01\/Vysledky-Csvk-Historie-2017-opr.docx\">CSVK 2017\/18 &#8211; v\u00fdsledky<\/a><\/li>\n<li><a href=\"https:\/\/pages.pedf.cuni.cz\/kddd\/files\/2018\/01\/CJ\u0160-Protokol-2018.doc\">Cena Josefa \u0160usty<\/a><\/li>\n<li><a href=\"https:\/\/pages.pedf.cuni.cz\/kddd\/fotogalerie\/akce\/\">Fotogalerie<\/a><\/li>\n<\/ul>\n","protected":false},"excerpt":{"rendered":"<p>Vysoko\u0161kol\u0161t\u00ed studenti historie a p\u0159\u00edbuzn\u00fdch obor\u016f se ka\u017edoro\u010dn\u011b setk\u00e1vaj\u00ed sout\u011b\u017e\u00ed se sv\u00fdmi p\u0159\u00edsp\u011bvky na Celost\u00e1tn\u00ed studentsk\u00e9 v\u011bdeck\u00e9 konferenci \u201eHistorie\u201c. Dosud se konaly tyto konference: 1995 v Ostrav\u011b, 1996 v Hradci Kr\u00e1lov\u00e9, 1997 v Brn\u011b, 1998<strong>&#8230;<\/strong><\/p>\n","protected":false},"author":403,"featured_media":0,"comment_status":"closed","ping_status":"closed","sticky":false,"template":"","format":"standard","meta":{"footnotes":""},"categories":[17432],"tags":[],"class_list":["post-4754","post","type-post","status-publish","format-standard","hentry","category-pozvanky"],"_links":{"self":[{"href":"https:\/\/pages.pedf.cuni.cz\/kddd\/wp-json\/wp\/v2\/posts\/4754","targetHints":{"allow":["GET"]}}],"collection":[{"href":"https:\/\/pages.pedf.cuni.cz\/kddd\/wp-json\/wp\/v2\/posts"}],"about":[{"href":"https:\/\/pages.pedf.cuni.cz\/kddd\/wp-json\/wp\/v2\/types\/post"}],"author":[{"embeddable":true,"href":"https:\/\/pages.pedf.cuni.cz\/kddd\/wp-json\/wp\/v2\/users\/403"}],"replies":[{"embeddable":true,"href":"https:\/\/pages.pedf.cuni.cz\/kddd\/wp-json\/wp\/v2\/comments?post=4754"}],"version-history":[{"count":5,"href":"https:\/\/pages.pedf.cuni.cz\/kddd\/wp-json\/wp\/v2\/posts\/4754\/revisions"}],"predecessor-version":[{"id":5246,"href":"https:\/\/pages.pedf.cuni.cz\/kddd\/wp-json\/wp\/v2\/posts\/4754\/revisions\/5246"}],"wp:attachment":[{"href":"https:\/\/pages.pedf.cuni.cz\/kddd\/wp-json\/wp\/v2\/media?parent=4754"}],"wp:term":[{"taxonomy":"category","embeddable":true,"href":"https:\/\/pages.pedf.cuni.cz\/kddd\/wp-json\/wp\/v2\/categories?post=4754"},{"taxonomy":"post_tag","embeddable":true,"href":"https:\/\/pages.pedf.cuni.cz\/kddd\/wp-json\/wp\/v2\/tags?post=4754"}],"curies":[{"name":"wp","href":"https:\/\/api.w.org\/{rel}","templated":true}]}}