{"id":5593,"date":"2018-11-27T10:13:48","date_gmt":"2018-11-27T09:13:48","guid":{"rendered":"http:\/\/pages.pedf.cuni.cz\/kddd\/?p=5593"},"modified":"2020-03-05T21:10:05","modified_gmt":"2020-03-05T20:10:05","slug":"novy-studijni-program-pro-navazujici-magisterske-studium","status":"publish","type":"post","link":"https:\/\/pages.pedf.cuni.cz\/kddd\/novy-studijni-program-pro-navazujici-magisterske-studium\/","title":{"rendered":"Nov\u00fd studijn\u00ed program  Edukace a interpretace v oblasti kulturn\u00edho d\u011bdictv\u00ed"},"content":{"rendered":"<p>Od \u0161koln\u00edho roku 2019\/2020 lze na Kated\u0159e d\u011bjin a didaktiky d\u011bjepisu Pedagogick\u00e9 fakulty UK studovat v r\u00e1mci navazuj\u00edc\u00edho magistersk\u00e9ho studia nov\u00fd program<\/p>\n<h2>Edukace a interpretace v oblasti kulturn\u00edho d\u011bdictv\u00ed<\/h2>\n<p>Jde o <strong>jednooborov\u00e9 prezen\u010dn\u00ed studium<\/strong>, kter\u00e9 bude p\u0159ipravovat eduk\u00e1tory &#8211; specialisty na tvorbu a realizaci vzd\u011bl\u00e1vac\u00edch program\u016f, jejich\u017e c\u00edlem je rozv\u00edjet kladn\u00fd vztah v\u0161ech generac\u00ed ke kulturn\u011b historick\u00e9mu d\u011bdictv\u00ed. Tento jednooborov\u00fd studijn\u00ed program nab\u00edz\u00ed kulturn\u011b historick\u00e9, pedagogick\u00e9 a didaktick\u00e9 vzd\u011bl\u00e1n\u00ed; student\u016fm poskytuje p\u0159ehled o jednotliv\u00fdch kategori\u00edch hmotn\u00e9ho i nehmotn\u00e9ho kulturn\u00edho d\u011bdictv\u00ed, stejn\u011b jako o spektru historick\u00fdch a spole\u010densk\u00fdch v\u011bd zam\u011b\u0159en\u00fdch na r\u016fzn\u00e9 aspekty odkaz\u016f minulosti.\u00a0 Studium vytv\u00e1\u0159\u00ed rovn\u011b\u017e p\u0159edpoklady pro rozvoj v\u011bdeck\u00fdch kompetenc\u00ed absolvent\u016f, zejm\u00e9na v oblasti kulturn\u011b historick\u00fdch a pam\u011b\u0165ov\u00fdch studi\u00ed, mimo\u0161koln\u00ed a volno\u010dasov\u00e9 pedagogiky.<\/p>\n<p><a href=\"https:\/\/pages.pedf.cuni.cz\/kddd\/files\/2018\/11\/edukace-let\u00e1k-01.pdf\">Edukace a interpretace v oblasti kulturn\u00edho d\u011bdictv\u00ed<\/a><\/p>\n<p><a href=\"http:\/\/edukace.pedf.cuni.cz\/\">NOV\u00dd WEB<\/a><\/p>\n<p>&nbsp;<\/p>\n<p>&nbsp;<\/p>\n<p>&nbsp;<\/p>\n","protected":false},"excerpt":{"rendered":"<p>Od \u0161koln\u00edho roku 2019\/2020 lze na Kated\u0159e d\u011bjin a didaktiky d\u011bjepisu Pedagogick\u00e9 fakulty UK studovat v r\u00e1mci navazuj\u00edc\u00edho magistersk\u00e9ho studia nov\u00fd program Edukace a interpretace v oblasti kulturn\u00edho d\u011bdictv\u00ed Jde o jednooborov\u00e9 prezen\u010dn\u00ed studium, kter\u00e9<strong>&#8230;<\/strong><\/p>\n","protected":false},"author":403,"featured_media":0,"comment_status":"closed","ping_status":"closed","sticky":false,"template":"","format":"standard","meta":{"footnotes":""},"categories":[16617],"tags":[],"class_list":["post-5593","post","type-post","status-publish","format-standard","hentry","category-zpravy"],"_links":{"self":[{"href":"https:\/\/pages.pedf.cuni.cz\/kddd\/wp-json\/wp\/v2\/posts\/5593","targetHints":{"allow":["GET"]}}],"collection":[{"href":"https:\/\/pages.pedf.cuni.cz\/kddd\/wp-json\/wp\/v2\/posts"}],"about":[{"href":"https:\/\/pages.pedf.cuni.cz\/kddd\/wp-json\/wp\/v2\/types\/post"}],"author":[{"embeddable":true,"href":"https:\/\/pages.pedf.cuni.cz\/kddd\/wp-json\/wp\/v2\/users\/403"}],"replies":[{"embeddable":true,"href":"https:\/\/pages.pedf.cuni.cz\/kddd\/wp-json\/wp\/v2\/comments?post=5593"}],"version-history":[{"count":5,"href":"https:\/\/pages.pedf.cuni.cz\/kddd\/wp-json\/wp\/v2\/posts\/5593\/revisions"}],"predecessor-version":[{"id":6370,"href":"https:\/\/pages.pedf.cuni.cz\/kddd\/wp-json\/wp\/v2\/posts\/5593\/revisions\/6370"}],"wp:attachment":[{"href":"https:\/\/pages.pedf.cuni.cz\/kddd\/wp-json\/wp\/v2\/media?parent=5593"}],"wp:term":[{"taxonomy":"category","embeddable":true,"href":"https:\/\/pages.pedf.cuni.cz\/kddd\/wp-json\/wp\/v2\/categories?post=5593"},{"taxonomy":"post_tag","embeddable":true,"href":"https:\/\/pages.pedf.cuni.cz\/kddd\/wp-json\/wp\/v2\/tags?post=5593"}],"curies":[{"name":"wp","href":"https:\/\/api.w.org\/{rel}","templated":true}]}}