{"id":5835,"date":"2019-03-18T15:52:05","date_gmt":"2019-03-18T14:52:05","guid":{"rendered":"http:\/\/pages.pedf.cuni.cz\/kddd\/?p=5835"},"modified":"2019-03-18T15:52:05","modified_gmt":"2019-03-18T14:52:05","slug":"kniha-metodika-v-historickych-zahradach-a-parcich","status":"publish","type":"post","link":"https:\/\/pages.pedf.cuni.cz\/kddd\/kniha-metodika-v-historickych-zahradach-a-parcich\/","title":{"rendered":"Kniha: Metodika v historick\u00fdch zahrad\u00e1ch a parc\u00edch"},"content":{"rendered":"<p>Odborn\u00e1 metodika Pam\u00e1tkov\u00e1 edukace v historick\u00fdch zahrad\u00e1ch a parc\u00edch: P\u0159\u00edklady dobr\u00e9 praxe N\u00e1rodn\u00edho pam\u00e1tkov\u00e9ho \u00fastavu, Metodick\u00e9ho centra zahradn\u00ed kultury v Krom\u011b\u0159\u00ed\u017ei a odboru edukace a dal\u0161\u00edho vzd\u011bl\u00e1v\u00e1n\u00ed v Praze vznikla v r\u00e1mci projektu \u201eN\u00e1rodn\u00ed centrum zahradn\u00ed kultury\u201c, jen\u017e byl spolufinancov\u00e1n z IOP EU.<\/p>\n<p>V\u00edce viz zde:<\/p>\n<p>http:\/\/www.nczk.cz\/pamatkova-edukace-v-historickych-zahradach.html<\/p>\n","protected":false},"excerpt":{"rendered":"<p>Odborn\u00e1 metodika Pam\u00e1tkov\u00e1 edukace v historick\u00fdch zahrad\u00e1ch a parc\u00edch: P\u0159\u00edklady dobr\u00e9 praxe N\u00e1rodn\u00edho pam\u00e1tkov\u00e9ho \u00fastavu, Metodick\u00e9ho centra zahradn\u00ed kultury v Krom\u011b\u0159\u00ed\u017ei a odboru edukace a dal\u0161\u00edho vzd\u011bl\u00e1v\u00e1n\u00ed v Praze vznikla v r\u00e1mci projektu \u201eN\u00e1rodn\u00ed centrum<strong>&#8230;<\/strong><\/p>\n","protected":false},"author":403,"featured_media":0,"comment_status":"closed","ping_status":"closed","sticky":false,"template":"","format":"standard","meta":{"footnotes":""},"categories":[16617],"tags":[],"class_list":["post-5835","post","type-post","status-publish","format-standard","hentry","category-zpravy"],"_links":{"self":[{"href":"https:\/\/pages.pedf.cuni.cz\/kddd\/wp-json\/wp\/v2\/posts\/5835","targetHints":{"allow":["GET"]}}],"collection":[{"href":"https:\/\/pages.pedf.cuni.cz\/kddd\/wp-json\/wp\/v2\/posts"}],"about":[{"href":"https:\/\/pages.pedf.cuni.cz\/kddd\/wp-json\/wp\/v2\/types\/post"}],"author":[{"embeddable":true,"href":"https:\/\/pages.pedf.cuni.cz\/kddd\/wp-json\/wp\/v2\/users\/403"}],"replies":[{"embeddable":true,"href":"https:\/\/pages.pedf.cuni.cz\/kddd\/wp-json\/wp\/v2\/comments?post=5835"}],"version-history":[{"count":1,"href":"https:\/\/pages.pedf.cuni.cz\/kddd\/wp-json\/wp\/v2\/posts\/5835\/revisions"}],"predecessor-version":[{"id":5836,"href":"https:\/\/pages.pedf.cuni.cz\/kddd\/wp-json\/wp\/v2\/posts\/5835\/revisions\/5836"}],"wp:attachment":[{"href":"https:\/\/pages.pedf.cuni.cz\/kddd\/wp-json\/wp\/v2\/media?parent=5835"}],"wp:term":[{"taxonomy":"category","embeddable":true,"href":"https:\/\/pages.pedf.cuni.cz\/kddd\/wp-json\/wp\/v2\/categories?post=5835"},{"taxonomy":"post_tag","embeddable":true,"href":"https:\/\/pages.pedf.cuni.cz\/kddd\/wp-json\/wp\/v2\/tags?post=5835"}],"curies":[{"name":"wp","href":"https:\/\/api.w.org\/{rel}","templated":true}]}}