{"id":5927,"date":"2019-06-12T19:10:09","date_gmt":"2019-06-12T17:10:09","guid":{"rendered":"http:\/\/pages.pedf.cuni.cz\/kddd\/?p=5927"},"modified":"2019-06-12T19:10:09","modified_gmt":"2019-06-12T17:10:09","slug":"den-otevrenych-dveri-archivu-bezpecnostnich-slozek","status":"publish","type":"post","link":"https:\/\/pages.pedf.cuni.cz\/kddd\/den-otevrenych-dveri-archivu-bezpecnostnich-slozek\/","title":{"rendered":"Den otev\u0159en\u00fdch dve\u0159\u00ed Archivu bezpe\u010dnostn\u00edch slo\u017eek"},"content":{"rendered":"<p>Archiv bezpe\u010dnostn\u00edch slo\u017eek zve na den otev\u0159en\u00fdch dve\u0159\u00ed na Branick\u00e9m n\u00e1m\u011bst\u00ed, kter\u00fd se bude konat dne 20. \u010dervna 2019 a bude tematicky zam\u011b\u0159en na osobu V\u00e1clava Havla a rok 1989. V r\u00e1mci t\u00e9to akce chyst\u00e1me speci\u00e1ln\u00ed program, v\u010detn\u011b uk\u00e1zky jednoho z eduka\u010dn\u00edch program\u016f<br \/>\nvzd\u011bl\u00e1vac\u00edho\u00a0odd\u011blen\u00ed\u00a0\u00dastavu\u00a0pro\u00a0studium\u00a0totalitn\u00edch\u00a0re\u017eim\u016f\u00a0[<a href=\"http:\/\/www.dejepis21.cz\/dejepis-v-21-stoleti\" target=\"_blank\" rel=\"noopener noreferrer\">1<\/a>] \u201eP\u011bt \u017eivot\u016f V\u00e1clava Havla: jak si vybrat \u017eivotopis?&#8220; (pozor, na tuto akci je t\u0159eba se p\u0159edem objednat).\u00a0\u00a0Chyb\u011bt nebude samoz\u0159ejm\u011b komentovan\u00e1 prohl\u00eddka Archivu, p\u0159ipravena je i d\u011btsk\u00e1 cesta inspirovan\u00e1 rokem 1989, v\u00fdstava karikatur \u201eSv\u011bt kresl\u00ed Havla&#8220; (v 11h bude vernis\u00e1\u017e), diskuze s historiky a pam\u011btn\u00edky a ti z v\u00e1s, kte\u0159\u00ed se na n\u00e1s ka\u017ed\u00fd rok p\u0159ijdou pod\u00edvat, tak v\u011bd\u00ed, \u017ee nebude <a href=\"https:\/\/pages.pedf.cuni.cz\/kddd\/files\/2019\/06\/DOD-2019_Branik_final1.jpg\"><img loading=\"lazy\" decoding=\"async\" class=\"alignnone size-medium wp-image-5928\" src=\"https:\/\/pages.pedf.cuni.cz\/kddd\/files\/2019\/06\/DOD-2019_Branik_final1-141x300.jpg\" alt=\"\" width=\"141\" height=\"300\" srcset=\"https:\/\/pages.pedf.cuni.cz\/kddd\/files\/2019\/06\/DOD-2019_Branik_final1-141x300.jpg 141w, https:\/\/pages.pedf.cuni.cz\/kddd\/files\/2019\/06\/DOD-2019_Branik_final1-768x1629.jpg 768w, https:\/\/pages.pedf.cuni.cz\/kddd\/files\/2019\/06\/DOD-2019_Branik_final1-483x1024.jpg 483w, https:\/\/pages.pedf.cuni.cz\/kddd\/files\/2019\/06\/DOD-2019_Branik_final1-471x999.jpg 471w, https:\/\/pages.pedf.cuni.cz\/kddd\/files\/2019\/06\/DOD-2019_Branik_final1-260x551.jpg 260w, https:\/\/pages.pedf.cuni.cz\/kddd\/files\/2019\/06\/DOD-2019_Branik_final1-160x339.jpg 160w, https:\/\/pages.pedf.cuni.cz\/kddd\/files\/2019\/06\/DOD-2019_Branik_final1.jpg 1170w\" sizes=\"auto, (max-width: 141px) 100vw, 141px\" \/><\/a>chyb\u011bt i mal\u00e9 ob\u010derstven\u00ed \ud83d\ude09<\/p>\n","protected":false},"excerpt":{"rendered":"<p>Archiv bezpe\u010dnostn\u00edch slo\u017eek zve na den otev\u0159en\u00fdch dve\u0159\u00ed na Branick\u00e9m n\u00e1m\u011bst\u00ed, kter\u00fd se bude konat dne 20. \u010dervna 2019 a bude tematicky zam\u011b\u0159en na osobu V\u00e1clava Havla a rok 1989. V r\u00e1mci t\u00e9to akce chyst\u00e1me<strong>&#8230;<\/strong><\/p>\n","protected":false},"author":403,"featured_media":0,"comment_status":"closed","ping_status":"closed","sticky":false,"template":"","format":"standard","meta":{"footnotes":""},"categories":[17432],"tags":[],"class_list":["post-5927","post","type-post","status-publish","format-standard","hentry","category-pozvanky"],"_links":{"self":[{"href":"https:\/\/pages.pedf.cuni.cz\/kddd\/wp-json\/wp\/v2\/posts\/5927","targetHints":{"allow":["GET"]}}],"collection":[{"href":"https:\/\/pages.pedf.cuni.cz\/kddd\/wp-json\/wp\/v2\/posts"}],"about":[{"href":"https:\/\/pages.pedf.cuni.cz\/kddd\/wp-json\/wp\/v2\/types\/post"}],"author":[{"embeddable":true,"href":"https:\/\/pages.pedf.cuni.cz\/kddd\/wp-json\/wp\/v2\/users\/403"}],"replies":[{"embeddable":true,"href":"https:\/\/pages.pedf.cuni.cz\/kddd\/wp-json\/wp\/v2\/comments?post=5927"}],"version-history":[{"count":1,"href":"https:\/\/pages.pedf.cuni.cz\/kddd\/wp-json\/wp\/v2\/posts\/5927\/revisions"}],"predecessor-version":[{"id":5929,"href":"https:\/\/pages.pedf.cuni.cz\/kddd\/wp-json\/wp\/v2\/posts\/5927\/revisions\/5929"}],"wp:attachment":[{"href":"https:\/\/pages.pedf.cuni.cz\/kddd\/wp-json\/wp\/v2\/media?parent=5927"}],"wp:term":[{"taxonomy":"category","embeddable":true,"href":"https:\/\/pages.pedf.cuni.cz\/kddd\/wp-json\/wp\/v2\/categories?post=5927"},{"taxonomy":"post_tag","embeddable":true,"href":"https:\/\/pages.pedf.cuni.cz\/kddd\/wp-json\/wp\/v2\/tags?post=5927"}],"curies":[{"name":"wp","href":"https:\/\/api.w.org\/{rel}","templated":true}]}}