{"id":6922,"date":"2021-10-08T09:12:40","date_gmt":"2021-10-08T07:12:40","guid":{"rendered":"http:\/\/pages.pedf.cuni.cz\/kddd\/?p=6922"},"modified":"2021-11-02T22:00:11","modified_gmt":"2021-11-02T21:00:11","slug":"hlavni-cena-miroslava-ivanova","status":"publish","type":"post","link":"https:\/\/pages.pedf.cuni.cz\/kddd\/hlavni-cena-miroslava-ivanova\/","title":{"rendered":"Hlavn\u00ed cena Miroslava Ivanova"},"content":{"rendered":"<p>Hlavn\u00ed cenu Miroslava Ivanova z\u00edskala kniha Velk\u00e9 d\u011bjiny zem\u00ed Koruny \u010desk\u00e9, \u0160kolstv\u00ed a vzd\u011blanost z roku 2020 kolektivu autor\u016f pod veden\u00edm Miroslava Novotn\u00e9ho. \u010clenem kolektivu je i\u00a0 prof. Ji\u0159\u00ed Pokorn\u00fd.<\/p>\n<p>BLAHOP\u0158EJEME!<\/p>\n<p><a href=\"https:\/\/pages.pedf.cuni.cz\/kddd\/files\/2021\/10\/Cena-Miroslava-Ivanova-za-knihu.pdf\">Cena Miroslava Ivanova<\/a><\/p>\n","protected":false},"excerpt":{"rendered":"<p>Hlavn\u00ed cenu Miroslava Ivanova z\u00edskala kniha Velk\u00e9 d\u011bjiny zem\u00ed Koruny \u010desk\u00e9, \u0160kolstv\u00ed a vzd\u011blanost z roku 2020 kolektivu autor\u016f pod veden\u00edm Miroslava Novotn\u00e9ho. \u010clenem kolektivu je i\u00a0 prof. Ji\u0159\u00ed Pokorn\u00fd. BLAHOP\u0158EJEME! <a href=\"https:\/\/pages.pedf.cuni.cz\/kddd\/files\/2021\/10\/Cena-Miroslava-Ivanova-za-knihu.pdf\">Cena Miroslava Ivanova<\/a><\/p>\n","protected":false},"author":403,"featured_media":0,"comment_status":"closed","ping_status":"closed","sticky":false,"template":"","format":"standard","meta":{"footnotes":""},"categories":[16617],"tags":[],"class_list":["post-6922","post","type-post","status-publish","format-standard","hentry","category-zpravy"],"_links":{"self":[{"href":"https:\/\/pages.pedf.cuni.cz\/kddd\/wp-json\/wp\/v2\/posts\/6922","targetHints":{"allow":["GET"]}}],"collection":[{"href":"https:\/\/pages.pedf.cuni.cz\/kddd\/wp-json\/wp\/v2\/posts"}],"about":[{"href":"https:\/\/pages.pedf.cuni.cz\/kddd\/wp-json\/wp\/v2\/types\/post"}],"author":[{"embeddable":true,"href":"https:\/\/pages.pedf.cuni.cz\/kddd\/wp-json\/wp\/v2\/users\/403"}],"replies":[{"embeddable":true,"href":"https:\/\/pages.pedf.cuni.cz\/kddd\/wp-json\/wp\/v2\/comments?post=6922"}],"version-history":[{"count":2,"href":"https:\/\/pages.pedf.cuni.cz\/kddd\/wp-json\/wp\/v2\/posts\/6922\/revisions"}],"predecessor-version":[{"id":6925,"href":"https:\/\/pages.pedf.cuni.cz\/kddd\/wp-json\/wp\/v2\/posts\/6922\/revisions\/6925"}],"wp:attachment":[{"href":"https:\/\/pages.pedf.cuni.cz\/kddd\/wp-json\/wp\/v2\/media?parent=6922"}],"wp:term":[{"taxonomy":"category","embeddable":true,"href":"https:\/\/pages.pedf.cuni.cz\/kddd\/wp-json\/wp\/v2\/categories?post=6922"},{"taxonomy":"post_tag","embeddable":true,"href":"https:\/\/pages.pedf.cuni.cz\/kddd\/wp-json\/wp\/v2\/tags?post=6922"}],"curies":[{"name":"wp","href":"https:\/\/api.w.org\/{rel}","templated":true}]}}