{"id":7746,"date":"2024-07-06T14:57:10","date_gmt":"2024-07-06T12:57:10","guid":{"rendered":"https:\/\/pages.pedf.cuni.cz\/kddd\/?p=7746"},"modified":"2024-10-23T07:47:32","modified_gmt":"2024-10-23T05:47:32","slug":"konference-o-dejepisectvi-doby-predmoderni-a-tzv-hybridnich-narativech","status":"publish","type":"post","link":"https:\/\/pages.pedf.cuni.cz\/kddd\/konference-o-dejepisectvi-doby-predmoderni-a-tzv-hybridnich-narativech\/","title":{"rendered":"Konference o d\u011bjepisectv\u00ed doby p\u0159edmodern\u00ed a tzv. hybridn\u00edch narativech"},"content":{"rendered":"<p>Srde\u010dn\u011b V\u00e1s zveme na <strong>konferenci o d\u011bjepisectv\u00ed doby p\u0159edmodern\u00ed a tzv. hybridn\u00edch narativech<\/strong>, kter\u00e1 se kon\u00e1 ve dnech <strong>25. &#8211; 27. z\u00e1\u0159\u00ed 2024 v Litom\u011b\u0159ic\u00edch<\/strong>.<\/p>\n<p>Po\u0159\u00e1d\u00e1 Institut f\u00fcr s\u00e4chsische Geschichte a Volkskunde a za Katedru d\u011bjin a didaktiky d\u011bjepisu PedF UK Dr. Jan Zdichynec.<\/p>\n<p>Program konference naleznete zde: <a href=\"https:\/\/pages.pedf.cuni.cz\/kddd\/files\/2024\/07\/Geschichtsschreibung-zwischen-Stadt-und-Land.pdf\">Geschichtsschreibung zwischen Stadt und Land<\/a><\/p>\n<p>&nbsp;<\/p>\n","protected":false},"excerpt":{"rendered":"<p>Srde\u010dn\u011b V\u00e1s zveme na konferenci o d\u011bjepisectv\u00ed doby p\u0159edmodern\u00ed a tzv. hybridn\u00edch narativech, kter\u00e1 se kon\u00e1 ve dnech 25. &#8211; 27. z\u00e1\u0159\u00ed 2024 v Litom\u011b\u0159ic\u00edch. Po\u0159\u00e1d\u00e1 Institut f\u00fcr s\u00e4chsische Geschichte a Volkskunde a za Katedru<strong>&#8230;<\/strong><\/p>\n","protected":false},"author":403,"featured_media":0,"comment_status":"closed","ping_status":"closed","sticky":false,"template":"","format":"standard","meta":{"footnotes":""},"categories":[17432],"tags":[],"class_list":["post-7746","post","type-post","status-publish","format-standard","hentry","category-pozvanky"],"_links":{"self":[{"href":"https:\/\/pages.pedf.cuni.cz\/kddd\/wp-json\/wp\/v2\/posts\/7746","targetHints":{"allow":["GET"]}}],"collection":[{"href":"https:\/\/pages.pedf.cuni.cz\/kddd\/wp-json\/wp\/v2\/posts"}],"about":[{"href":"https:\/\/pages.pedf.cuni.cz\/kddd\/wp-json\/wp\/v2\/types\/post"}],"author":[{"embeddable":true,"href":"https:\/\/pages.pedf.cuni.cz\/kddd\/wp-json\/wp\/v2\/users\/403"}],"replies":[{"embeddable":true,"href":"https:\/\/pages.pedf.cuni.cz\/kddd\/wp-json\/wp\/v2\/comments?post=7746"}],"version-history":[{"count":1,"href":"https:\/\/pages.pedf.cuni.cz\/kddd\/wp-json\/wp\/v2\/posts\/7746\/revisions"}],"predecessor-version":[{"id":7748,"href":"https:\/\/pages.pedf.cuni.cz\/kddd\/wp-json\/wp\/v2\/posts\/7746\/revisions\/7748"}],"wp:attachment":[{"href":"https:\/\/pages.pedf.cuni.cz\/kddd\/wp-json\/wp\/v2\/media?parent=7746"}],"wp:term":[{"taxonomy":"category","embeddable":true,"href":"https:\/\/pages.pedf.cuni.cz\/kddd\/wp-json\/wp\/v2\/categories?post=7746"},{"taxonomy":"post_tag","embeddable":true,"href":"https:\/\/pages.pedf.cuni.cz\/kddd\/wp-json\/wp\/v2\/tags?post=7746"}],"curies":[{"name":"wp","href":"https:\/\/api.w.org\/{rel}","templated":true}]}}