{"id":7858,"date":"2024-10-23T07:44:54","date_gmt":"2024-10-23T05:44:54","guid":{"rendered":"https:\/\/pages.pedf.cuni.cz\/kddd\/?p=7858"},"modified":"2024-10-23T07:44:54","modified_gmt":"2024-10-23T05:44:54","slug":"mezinarodni-konference-poradana-ve-spolupraci-katedry-dejin-a-didaktiky-dejepisu-pedagogicke-fakulty-univerzity-karlovy-a-institutu-fur-sachsische-geschichte-und-volkskunde-v-drazdanech","status":"publish","type":"post","link":"https:\/\/pages.pedf.cuni.cz\/kddd\/mezinarodni-konference-poradana-ve-spolupraci-katedry-dejin-a-didaktiky-dejepisu-pedagogicke-fakulty-univerzity-karlovy-a-institutu-fur-sachsische-geschichte-und-volkskunde-v-drazdanech\/","title":{"rendered":"Mezin\u00e1rodn\u00ed konference, po\u0159\u00e1dan\u00e1 ve spolupr\u00e1ci Katedry d\u011bjin a didaktiky d\u011bjepisu Pedagogick\u00e9 fakulty Univerzity Karlovy a Institutu f\u00fcr s\u00e4chsische Geschichte und Volkskunde v Dr\u00e1\u017e\u010fanech"},"content":{"rendered":"<p>Ve dnech 25. \u2013 27. z\u00e1\u0159\u00ed 2024 prob\u011bhla v\u00a0Diec\u00e9zn\u00edm dom\u011b kardin\u00e1la Trochty v\u00a0Litom\u011b\u0159ic\u00edch mezin\u00e1rodn\u00ed konference, po\u0159\u00e1dan\u00e1 ve spolupr\u00e1ci Katedry d\u011bjin a didaktiky d\u011bjepisu Pedagogick\u00e9 fakulty Univerzity Karlovy a Institutu f\u00fcr s\u00e4chsische Geschichte und Volkskunde v\u00a0Dr\u00e1\u017e\u010fanech. T\u00e9matem jedn\u00e1n\u00ed prob\u00edhaj\u00edc\u00edho v\u00a0n\u011bm\u010din\u011b byly tzv. hybridn\u00ed narativy zejm\u00e9na v\u00a0m\u011bstsk\u00e9m d\u011bjepisectv\u00ed (kronik\u00e1\u0159stv\u00ed i v\u00a0dal\u0161\u00edch typech pramen\u016f) pozdn\u00edho st\u0159edov\u011bku a ran\u00e9ho novov\u011bku. Za PedF UK jedn\u00e1n\u00ed za\u0161ti\u0165oval dr. Jan Zdichynec, kter\u00fd nav\u00e1zal na svou dlouhodobou spolupr\u00e1ci s\u00a0dr\u00e1\u017e\u010fansk\u00fdm ISGV i Technische Universit\u00e4t Dresden. Hlavn\u00edm organiz\u00e1torem byl profesor Joachim Schneider, zab\u00fdvaj\u00edc\u00ed se pr\u00e1v\u011b t\u00e9matem kronik\u00e1\u0159stv\u00ed pozdn\u00edho st\u0159edov\u011bku, a profesorka Birgit Studt, je\u017e se rovn\u011b\u017e v\u011bnuje p\u0159edev\u0161\u00edm historiografii a d\u00e1le d\u011bjin\u00e1m pape\u017estv\u00ed a konciln\u00edho hnut\u00ed 15. stolet\u00ed. Konference se z\u00fa\u010dastnili zejm\u00e9na n\u011bme\u010dt\u00ed a \u010de\u0161t\u00ed a jedna polsk\u00e1 badatelka \u00a0ale i \u010de\u0161t\u00ed \u00a0renomovan\u00ed i mlad\u0161\u00ed badatel\u00e9 z\u00a0\u0159ady pracovi\u0161\u0165. P\u0159edstaveny byly zaj\u00edmav\u00e9 prameny i metodologick\u00e9 p\u0159\u00edstupy, nesm\u00edrn\u011b cenn\u00fd byl srovn\u00e1vac\u00ed pohled. Cel\u00e9 jedn\u00e1n\u00ed prov\u00e1zela p\u0159\u00e1telsk\u00e1 atmosf\u00e9ra a \u017eiv\u00e1 diskuse. V\u00a0n\u00e1sleduj\u00edc\u00edm roce by m\u011bly b\u00fdt v\u00fdsledky konference zp\u0159\u00edstupn\u011bny odborn\u00e9 i \u0161ir\u0161\u00ed ve\u0159ejnosti formou kolektivn\u011b p\u0159ipraven\u00e9ho konferen\u010dn\u00edho sborn\u00edku.<\/p>\n","protected":false},"excerpt":{"rendered":"<p>Ve dnech 25. \u2013 27. z\u00e1\u0159\u00ed 2024 prob\u011bhla v\u00a0Diec\u00e9zn\u00edm dom\u011b kardin\u00e1la Trochty v\u00a0Litom\u011b\u0159ic\u00edch mezin\u00e1rodn\u00ed konference, po\u0159\u00e1dan\u00e1 ve spolupr\u00e1ci Katedry d\u011bjin a didaktiky d\u011bjepisu Pedagogick\u00e9 fakulty Univerzity Karlovy a Institutu f\u00fcr s\u00e4chsische Geschichte und Volkskunde v\u00a0Dr\u00e1\u017e\u010fanech.<strong>&#8230;<\/strong><\/p>\n","protected":false},"author":403,"featured_media":0,"comment_status":"closed","ping_status":"closed","sticky":false,"template":"","format":"standard","meta":{"footnotes":""},"categories":[16617],"tags":[],"class_list":["post-7858","post","type-post","status-publish","format-standard","hentry","category-zpravy"],"_links":{"self":[{"href":"https:\/\/pages.pedf.cuni.cz\/kddd\/wp-json\/wp\/v2\/posts\/7858","targetHints":{"allow":["GET"]}}],"collection":[{"href":"https:\/\/pages.pedf.cuni.cz\/kddd\/wp-json\/wp\/v2\/posts"}],"about":[{"href":"https:\/\/pages.pedf.cuni.cz\/kddd\/wp-json\/wp\/v2\/types\/post"}],"author":[{"embeddable":true,"href":"https:\/\/pages.pedf.cuni.cz\/kddd\/wp-json\/wp\/v2\/users\/403"}],"replies":[{"embeddable":true,"href":"https:\/\/pages.pedf.cuni.cz\/kddd\/wp-json\/wp\/v2\/comments?post=7858"}],"version-history":[{"count":1,"href":"https:\/\/pages.pedf.cuni.cz\/kddd\/wp-json\/wp\/v2\/posts\/7858\/revisions"}],"predecessor-version":[{"id":7859,"href":"https:\/\/pages.pedf.cuni.cz\/kddd\/wp-json\/wp\/v2\/posts\/7858\/revisions\/7859"}],"wp:attachment":[{"href":"https:\/\/pages.pedf.cuni.cz\/kddd\/wp-json\/wp\/v2\/media?parent=7858"}],"wp:term":[{"taxonomy":"category","embeddable":true,"href":"https:\/\/pages.pedf.cuni.cz\/kddd\/wp-json\/wp\/v2\/categories?post=7858"},{"taxonomy":"post_tag","embeddable":true,"href":"https:\/\/pages.pedf.cuni.cz\/kddd\/wp-json\/wp\/v2\/tags?post=7858"}],"curies":[{"name":"wp","href":"https:\/\/api.w.org\/{rel}","templated":true}]}}