{"id":8100,"date":"2025-09-10T14:43:11","date_gmt":"2025-09-10T12:43:11","guid":{"rendered":"https:\/\/pages.pedf.cuni.cz\/kddd\/?p=8100"},"modified":"2025-09-10T14:43:11","modified_gmt":"2025-09-10T12:43:11","slug":"krest-sborniku-k-pocte-petra-charvata","status":"publish","type":"post","link":"https:\/\/pages.pedf.cuni.cz\/kddd\/krest-sborniku-k-pocte-petra-charvata\/","title":{"rendered":"k\u0159est Sborn\u00edku k poct\u011b Petra Charv\u00e1ta"},"content":{"rendered":"<div class=\"x_elementToProof\" data-olk-copy-source=\"MessageBody\">U p\u0159\u00edle\u017eitosti druh\u00e9ho v\u00fdro\u010d\u00ed Petrova \u00famrt\u00ed si v\u00e1s dovoluji pozvat na slavnostn\u00ed\u00a0 k\u0159est sborn\u00edku,\u00a0 kter\u00fd\u00a0 na\u00a0 Petrovu pam\u00e1tku\u00a0 p\u0159ipravili jeho p\u0159\u00e1tel\u00e9,\u00a0 kolegov\u00e9 a studenti.<\/div>\n<div class=\"x_elementToProof\"><\/div>\n<div class=\"x_elementToProof\">Kate\u0159ina Charv\u00e1tov\u00e1<\/div>\n<p><a href=\"https:\/\/pages.pedf.cuni.cz\/kddd\/files\/2025\/09\/pozvanka_v2b.jpg\"><img loading=\"lazy\" decoding=\"async\" class=\"alignnone size-medium wp-image-8101\" src=\"https:\/\/pages.pedf.cuni.cz\/kddd\/files\/2025\/09\/pozvanka_v2b-300x172.jpg\" alt=\"\" width=\"300\" height=\"172\" srcset=\"https:\/\/pages.pedf.cuni.cz\/kddd\/files\/2025\/09\/pozvanka_v2b-300x172.jpg 300w, https:\/\/pages.pedf.cuni.cz\/kddd\/files\/2025\/09\/pozvanka_v2b-1024x587.jpg 1024w, https:\/\/pages.pedf.cuni.cz\/kddd\/files\/2025\/09\/pozvanka_v2b-768x440.jpg 768w, https:\/\/pages.pedf.cuni.cz\/kddd\/files\/2025\/09\/pozvanka_v2b-560x321.jpg 560w, https:\/\/pages.pedf.cuni.cz\/kddd\/files\/2025\/09\/pozvanka_v2b-260x149.jpg 260w, https:\/\/pages.pedf.cuni.cz\/kddd\/files\/2025\/09\/pozvanka_v2b-160x92.jpg 160w, https:\/\/pages.pedf.cuni.cz\/kddd\/files\/2025\/09\/pozvanka_v2b.jpg 1477w\" sizes=\"auto, (max-width: 300px) 100vw, 300px\" \/><\/a><\/p>\n","protected":false},"excerpt":{"rendered":"<p>U p\u0159\u00edle\u017eitosti druh\u00e9ho v\u00fdro\u010d\u00ed Petrova \u00famrt\u00ed si v\u00e1s dovoluji pozvat na slavnostn\u00ed\u00a0 k\u0159est sborn\u00edku,\u00a0 kter\u00fd\u00a0 na\u00a0 Petrovu pam\u00e1tku\u00a0 p\u0159ipravili jeho p\u0159\u00e1tel\u00e9,\u00a0 kolegov\u00e9 a studenti. Kate\u0159ina Charv\u00e1tov\u00e1 <a href=\"https:\/\/pages.pedf.cuni.cz\/kddd\/files\/2025\/09\/pozvanka_v2b.jpg\"><\/a><\/p>\n","protected":false},"author":1028,"featured_media":0,"comment_status":"closed","ping_status":"closed","sticky":false,"template":"","format":"standard","meta":{"footnotes":""},"categories":[17432],"tags":[],"class_list":["post-8100","post","type-post","status-publish","format-standard","hentry","category-pozvanky"],"_links":{"self":[{"href":"https:\/\/pages.pedf.cuni.cz\/kddd\/wp-json\/wp\/v2\/posts\/8100","targetHints":{"allow":["GET"]}}],"collection":[{"href":"https:\/\/pages.pedf.cuni.cz\/kddd\/wp-json\/wp\/v2\/posts"}],"about":[{"href":"https:\/\/pages.pedf.cuni.cz\/kddd\/wp-json\/wp\/v2\/types\/post"}],"author":[{"embeddable":true,"href":"https:\/\/pages.pedf.cuni.cz\/kddd\/wp-json\/wp\/v2\/users\/1028"}],"replies":[{"embeddable":true,"href":"https:\/\/pages.pedf.cuni.cz\/kddd\/wp-json\/wp\/v2\/comments?post=8100"}],"version-history":[{"count":1,"href":"https:\/\/pages.pedf.cuni.cz\/kddd\/wp-json\/wp\/v2\/posts\/8100\/revisions"}],"predecessor-version":[{"id":8102,"href":"https:\/\/pages.pedf.cuni.cz\/kddd\/wp-json\/wp\/v2\/posts\/8100\/revisions\/8102"}],"wp:attachment":[{"href":"https:\/\/pages.pedf.cuni.cz\/kddd\/wp-json\/wp\/v2\/media?parent=8100"}],"wp:term":[{"taxonomy":"category","embeddable":true,"href":"https:\/\/pages.pedf.cuni.cz\/kddd\/wp-json\/wp\/v2\/categories?post=8100"},{"taxonomy":"post_tag","embeddable":true,"href":"https:\/\/pages.pedf.cuni.cz\/kddd\/wp-json\/wp\/v2\/tags?post=8100"}],"curies":[{"name":"wp","href":"https:\/\/api.w.org\/{rel}","templated":true}]}}