{"id":5208,"date":"2023-03-11T10:58:01","date_gmt":"2023-03-11T09:58:01","guid":{"rendered":"https:\/\/pages.pedf.cuni.cz\/khv\/?p=5208"},"modified":"2023-04-03T11:05:01","modified_gmt":"2023-04-03T09:05:01","slug":"scenicky-koncert-srdce-a-fontana","status":"publish","type":"post","link":"https:\/\/pages.pedf.cuni.cz\/khv\/scenicky-koncert-srdce-a-fontana\/","title":{"rendered":"Sc\u00e9nick\u00fd koncert Srdce a font\u00e1na"},"content":{"rendered":"\n<p><strong>26. 3. 2023 v 17h v Sukov\u011b s\u00edni Rudolfina<\/strong><\/p>\n\n\n\n<p>Sou\u010dasn\u00fd \u017eidovsk\u00fd autor Ofer Ben-Amots zpracov\u00e1v\u00e1 b\u00e1se\u0148 ukrajinsk\u00e9ho b\u00e1sn\u00edka Hayima Nahmana Bialika. B\u00e1se\u0148 vypr\u00e1v\u00ed metafyzick\u00fd p\u0159\u00edb\u011bh o fungov\u00e1n\u00ed sv\u011bta na principu \u010dasu.<\/p>\n\n\n\n<p>Pozv\u00e1nka <a href=\"https:\/\/pages.pedf.cuni.cz\/khv\/files\/2023\/03\/srdce-a-fontana-FBEvent-PRAHA-v01.jpg\" target=\"_blank\" rel=\"noreferrer noopener\">zde<\/a><\/p>\n\n\n\n<p>Odkaz na vstupenky <a href=\"https:\/\/docs.google.com\/forms\/d\/e\/1FAIpQLSfz_SFXxbqGyoaJ15v_tf55sOZJr9Klkgj5qLEwCtlMqq-fnw\/viewform\" target=\"_blank\" rel=\"noreferrer noopener\">zde<\/a>&nbsp;<\/p>\n\n\n\n<p>7 p\u00edsn\u00ed jako sedmiramenn\u00fd sv\u00edcen menora, kter\u00fd ho\u0159\u00ed v\u011b\u010dn\u00fdm sv\u011btlem.<br>9 \u00fa\u010dinkuj\u00edc\u00edch jako dev\u00edtiramenn\u00fd sv\u00edcen, symbol sv\u00e1tku Chanuka, Sv\u00e1tku sv\u011btla.<br>Nikita L\u00fdskov\u00e1, Tereza Sobelov\u00e1 \u2013 sopr\u00e1n<br>Johana Jur\u00edkov\u00e1, Barbora Seri\u0161ov\u00e1 \u2013 mezzosopr\u00e1n<br>Barbora Pawlitov\u00e1, Kate\u0159ina Dvorsk\u00e1 \u2013 alt<br>Jakub Seri\u0161 \u2013 tenor<br>Vojt\u011bch Kucha\u0159 \u2013 baryton<br>Martin Ku\u010dera &#8211; bas<\/p>\n\n\n\n<p>Koncert se kon\u00e1 za finan\u010dn\u00edho p\u0159isp\u011bn\u00ed PedF UK.<\/p>\n","protected":false},"excerpt":{"rendered":"<p>26. 3. 2023 v 17h v Sukov\u011b s\u00edni Rudolfina Sou\u010dasn\u00fd \u017eidovsk\u00fd autor Ofer Ben-Amots zpracov\u00e1v\u00e1 b\u00e1se\u0148 ukrajinsk\u00e9ho b\u00e1sn\u00edka Hayima Nahmana Bialika. B\u00e1se\u0148 vypr\u00e1v\u00ed metafyzick\u00fd p\u0159\u00edb\u011bh o fungov\u00e1n\u00ed sv\u011bta na principu \u010dasu. Pozv\u00e1nka zde Odkaz na vstupenky zde&nbsp; 7 p\u00edsn\u00ed jako sedmiramenn\u00fd sv\u00edcen menora, kter\u00fd ho\u0159\u00ed v\u011b\u010dn\u00fdm sv\u011btlem.9 \u00fa\u010dinkuj\u00edc\u00edch jako dev\u00edtiramenn\u00fd sv\u00edcen, symbol sv\u00e1tku Chanuka, Sv\u00e1tku [&hellip;]<\/p>\n","protected":false},"author":500,"featured_media":0,"comment_status":"closed","ping_status":"closed","sticky":false,"template":"","format":"standard","meta":{"footnotes":""},"categories":[4626],"tags":[],"class_list":["post-5208","post","type-post","status-publish","format-standard","hentry","category-aktuality"],"_links":{"self":[{"href":"https:\/\/pages.pedf.cuni.cz\/khv\/wp-json\/wp\/v2\/posts\/5208","targetHints":{"allow":["GET"]}}],"collection":[{"href":"https:\/\/pages.pedf.cuni.cz\/khv\/wp-json\/wp\/v2\/posts"}],"about":[{"href":"https:\/\/pages.pedf.cuni.cz\/khv\/wp-json\/wp\/v2\/types\/post"}],"author":[{"embeddable":true,"href":"https:\/\/pages.pedf.cuni.cz\/khv\/wp-json\/wp\/v2\/users\/500"}],"replies":[{"embeddable":true,"href":"https:\/\/pages.pedf.cuni.cz\/khv\/wp-json\/wp\/v2\/comments?post=5208"}],"version-history":[{"count":4,"href":"https:\/\/pages.pedf.cuni.cz\/khv\/wp-json\/wp\/v2\/posts\/5208\/revisions"}],"predecessor-version":[{"id":5236,"href":"https:\/\/pages.pedf.cuni.cz\/khv\/wp-json\/wp\/v2\/posts\/5208\/revisions\/5236"}],"wp:attachment":[{"href":"https:\/\/pages.pedf.cuni.cz\/khv\/wp-json\/wp\/v2\/media?parent=5208"}],"wp:term":[{"taxonomy":"category","embeddable":true,"href":"https:\/\/pages.pedf.cuni.cz\/khv\/wp-json\/wp\/v2\/categories?post=5208"},{"taxonomy":"post_tag","embeddable":true,"href":"https:\/\/pages.pedf.cuni.cz\/khv\/wp-json\/wp\/v2\/tags?post=5208"}],"curies":[{"name":"wp","href":"https:\/\/api.w.org\/{rel}","templated":true}]}}