{"id":5272,"date":"2023-05-02T09:31:46","date_gmt":"2023-05-02T07:31:46","guid":{"rendered":"https:\/\/pages.pedf.cuni.cz\/khv\/?p=5272"},"modified":"2023-05-02T09:31:47","modified_gmt":"2023-05-02T07:31:47","slug":"v-rukou-k-prosbe-spjatych","status":"publish","type":"post","link":"https:\/\/pages.pedf.cuni.cz\/khv\/v-rukou-k-prosbe-spjatych\/","title":{"rendered":"V RUKOU K PROSB\u011a SPJAT\u00ddCH"},"content":{"rendered":"\n<p>P\u0159ijm\u011bte srde\u010dn\u00e9 pozv\u00e1n\u00ed na koncert student\u016f KHV PedF UK, kter\u00fd se kon\u00e1 ve \u010dtvrtek <strong>4. kv\u011btna 2023 v 18:30 v kostele sv. Jana Nepomuck\u00e9ho na Skalce<\/strong> (roh Karlova n\u00e1m\u011bst\u00ed a ul. Vy\u0161ehradsk\u00e9 na Praze 1).&nbsp;<\/p>\n\n\n\n<p>Zazn\u00ed vok\u00e1ln\u00ed a instrument\u00e1ln\u00ed duchovn\u00ed skladby&nbsp;J. B. Foerstera, A. Dvo\u0159\u00e1ka, L. Jan\u00e1\u010dka, V. \u0158\u00edhovsk\u00e9ho, J. K\u0159i\u010dky, P. Ebena, S. Bodorov\u00e9 ad.&nbsp;<\/p>\n\n\n\n<p>\u00da\u010dinkuj\u00ed: A. Brglez, A. Budzanowsk\u00e1, L. Dolej\u0161\u00ed, T. Elsnerov\u00e1, S. Chaban, J. Chr\u00e1ska, I. Jankovcov\u00e1, J. Ju\u0159i\u010dkov\u00e1,&nbsp;A. Ka\u0161parov\u00e1, I. Kucheruk, L. Majerov\u00e1, J. Lang, P. Pernica, E. Podskalsk\u00e1, S. Rohl\u00ed\u010dkov\u00e1, L. Vit\u00e1skov\u00e1&nbsp;<\/p>\n\n\n\n<p>varhany: MgA. Linda S\u00edtkov\u00e1, Ph.D.&nbsp;<\/p>\n\n\n\n<p>klav\u00edr: MgA. Ji\u0159ina Dvo\u0159\u00e1kov\u00e1 Mare\u0161ov\u00e1, Ph.D.<\/p>\n\n\n\n<p>Pozv\u00e1nka <a rel=\"noreferrer noopener\" href=\"https:\/\/pages.pedf.cuni.cz\/khv\/files\/2023\/05\/koncert_4.5.23_page-0001.jpg\" target=\"_blank\">zde<\/a><\/p>\n\n\n\n<p><\/p>\n","protected":false},"excerpt":{"rendered":"<p>P\u0159ijm\u011bte srde\u010dn\u00e9 pozv\u00e1n\u00ed na koncert student\u016f KHV PedF UK, kter\u00fd se kon\u00e1 ve \u010dtvrtek 4. kv\u011btna 2023 v 18:30 v kostele sv. Jana Nepomuck\u00e9ho na Skalce (roh Karlova n\u00e1m\u011bst\u00ed a ul. Vy\u0161ehradsk\u00e9 na Praze 1).&nbsp; Zazn\u00ed vok\u00e1ln\u00ed a instrument\u00e1ln\u00ed duchovn\u00ed skladby&nbsp;J. B. Foerstera, A. Dvo\u0159\u00e1ka, L. Jan\u00e1\u010dka, V. \u0158\u00edhovsk\u00e9ho, J. K\u0159i\u010dky, P. Ebena, S. Bodorov\u00e9 [&hellip;]<\/p>\n","protected":false},"author":500,"featured_media":0,"comment_status":"closed","ping_status":"closed","sticky":false,"template":"","format":"standard","meta":{"footnotes":""},"categories":[4626],"tags":[],"class_list":["post-5272","post","type-post","status-publish","format-standard","hentry","category-aktuality"],"_links":{"self":[{"href":"https:\/\/pages.pedf.cuni.cz\/khv\/wp-json\/wp\/v2\/posts\/5272","targetHints":{"allow":["GET"]}}],"collection":[{"href":"https:\/\/pages.pedf.cuni.cz\/khv\/wp-json\/wp\/v2\/posts"}],"about":[{"href":"https:\/\/pages.pedf.cuni.cz\/khv\/wp-json\/wp\/v2\/types\/post"}],"author":[{"embeddable":true,"href":"https:\/\/pages.pedf.cuni.cz\/khv\/wp-json\/wp\/v2\/users\/500"}],"replies":[{"embeddable":true,"href":"https:\/\/pages.pedf.cuni.cz\/khv\/wp-json\/wp\/v2\/comments?post=5272"}],"version-history":[{"count":1,"href":"https:\/\/pages.pedf.cuni.cz\/khv\/wp-json\/wp\/v2\/posts\/5272\/revisions"}],"predecessor-version":[{"id":5273,"href":"https:\/\/pages.pedf.cuni.cz\/khv\/wp-json\/wp\/v2\/posts\/5272\/revisions\/5273"}],"wp:attachment":[{"href":"https:\/\/pages.pedf.cuni.cz\/khv\/wp-json\/wp\/v2\/media?parent=5272"}],"wp:term":[{"taxonomy":"category","embeddable":true,"href":"https:\/\/pages.pedf.cuni.cz\/khv\/wp-json\/wp\/v2\/categories?post=5272"},{"taxonomy":"post_tag","embeddable":true,"href":"https:\/\/pages.pedf.cuni.cz\/khv\/wp-json\/wp\/v2\/tags?post=5272"}],"curies":[{"name":"wp","href":"https:\/\/api.w.org\/{rel}","templated":true}]}}