{"id":5298,"date":"2023-05-03T11:26:18","date_gmt":"2023-05-03T09:26:18","guid":{"rendered":"https:\/\/pages.pedf.cuni.cz\/khv\/?p=5298"},"modified":"2023-05-03T11:27:05","modified_gmt":"2023-05-03T09:27:05","slug":"gratulace-k-jarnimu-koncertu","status":"publish","type":"post","link":"https:\/\/pages.pedf.cuni.cz\/khv\/gratulace-k-jarnimu-koncertu\/","title":{"rendered":"gratulace k Jarn\u00edmu koncertu"},"content":{"rendered":"\n<p>Up\u0159\u00edmn\u011b gratuluji v\u0161em \u00fa\u010dinkuj\u00edc\u00edm na Jarn\u00edm koncert\u011b \u017densk\u00e9ho komorn\u00edho sboru a d\u00edv\u010d\u00edho sboru 1. ro\u010dn\u00edku KHV PedF UK k obdivuhodn\u00e9mu vystoupen\u00ed v \u00fater\u00fd 2. 5. 2023 v \u010cesk\u00e9m muzeu hudby. <br>Vynal\u00e9zav\u011b zvolenou dramaturgi\u00ed jste p\u0159edvedli poslucha\u010d\u016fm pestrou paletu interpreta\u010dn\u011b n\u00e1ro\u010dn\u00fdch skladeb \u010desk\u00fdch autor\u016f 20. stolet\u00ed (Martin\u016f, Suk, Trojan, Eben, Hradeck\u00fd). Oce\u0148uji akcentaci vok\u00e1ln\u00ed kvality, p\u0159irozen\u00e9 fr\u00e1zov\u00e1n\u00ed a citlivou pr\u00e1ci s dynamikou. Koncert m\u011bl vysokou um\u011bleckou i spole\u010denskou \u00farove\u0148.<br>S\u00f3lov\u00e9 party ztv\u00e1rnily sopranistky Anna \u010cern\u00e1 a Nicole Weish\u00e4uplov\u00e1, barytonista Roman Jan\u00e1l a recit\u00e1tor Old\u0159ich Vl\u010dek.<br>Krom\u011b zp\u011bv\u00e1k\u016f \u00fa\u010dinkovali i instrumentalist\u00e9 &#8211; klav\u00edrist\u00e9 Radek Schejbal, Barbora Lep\u0161ov\u00e1, Zuzana Vojnovi\u010d, houslist\u00e9 V\u00e1clav Pelouch, Magdal\u00e9na Piska\u010dov\u00e1 a Nikol Neubauerov\u00e1, violista Ond\u0159ej Palkovsk\u00fd.<br>Velik\u00e9 uzn\u00e1n\u00ed a gratulaci vyjad\u0159uji sbormistryni, pan\u00ed Jan\u011b Veverkov\u00e9, kter\u00e1 odvedla obdivuhodnou um\u011bleckou i organiza\u010dn\u00ed pr\u00e1ci.<br>D\u011bkuji v\u0161em za skv\u011blou reprezentaci um\u011bleck\u00e9 pr\u00e1ce KHV a p\u0159eji mnoho dal\u0161\u00edch \u00fasp\u011bch\u016f!<\/p>\n\n\n\n<p>doc. Marek Val\u00e1\u0161ek<\/p>\n\n\n\n<p>vedouc\u00ed KHV<br>V Praze 3. 5. 2023<\/p>\n","protected":false},"excerpt":{"rendered":"<p>Up\u0159\u00edmn\u011b gratuluji v\u0161em \u00fa\u010dinkuj\u00edc\u00edm na Jarn\u00edm koncert\u011b \u017densk\u00e9ho komorn\u00edho sboru a d\u00edv\u010d\u00edho sboru 1. ro\u010dn\u00edku KHV PedF UK k obdivuhodn\u00e9mu vystoupen\u00ed v \u00fater\u00fd 2. 5. 2023 v \u010cesk\u00e9m muzeu hudby. Vynal\u00e9zav\u011b zvolenou dramaturgi\u00ed jste p\u0159edvedli poslucha\u010d\u016fm pestrou paletu interpreta\u010dn\u011b n\u00e1ro\u010dn\u00fdch skladeb \u010desk\u00fdch autor\u016f 20. stolet\u00ed (Martin\u016f, Suk, Trojan, Eben, Hradeck\u00fd). Oce\u0148uji akcentaci vok\u00e1ln\u00ed kvality, p\u0159irozen\u00e9 [&hellip;]<\/p>\n","protected":false},"author":500,"featured_media":0,"comment_status":"closed","ping_status":"closed","sticky":false,"template":"","format":"standard","meta":{"footnotes":""},"categories":[4626],"tags":[],"class_list":["post-5298","post","type-post","status-publish","format-standard","hentry","category-aktuality"],"_links":{"self":[{"href":"https:\/\/pages.pedf.cuni.cz\/khv\/wp-json\/wp\/v2\/posts\/5298","targetHints":{"allow":["GET"]}}],"collection":[{"href":"https:\/\/pages.pedf.cuni.cz\/khv\/wp-json\/wp\/v2\/posts"}],"about":[{"href":"https:\/\/pages.pedf.cuni.cz\/khv\/wp-json\/wp\/v2\/types\/post"}],"author":[{"embeddable":true,"href":"https:\/\/pages.pedf.cuni.cz\/khv\/wp-json\/wp\/v2\/users\/500"}],"replies":[{"embeddable":true,"href":"https:\/\/pages.pedf.cuni.cz\/khv\/wp-json\/wp\/v2\/comments?post=5298"}],"version-history":[{"count":2,"href":"https:\/\/pages.pedf.cuni.cz\/khv\/wp-json\/wp\/v2\/posts\/5298\/revisions"}],"predecessor-version":[{"id":5300,"href":"https:\/\/pages.pedf.cuni.cz\/khv\/wp-json\/wp\/v2\/posts\/5298\/revisions\/5300"}],"wp:attachment":[{"href":"https:\/\/pages.pedf.cuni.cz\/khv\/wp-json\/wp\/v2\/media?parent=5298"}],"wp:term":[{"taxonomy":"category","embeddable":true,"href":"https:\/\/pages.pedf.cuni.cz\/khv\/wp-json\/wp\/v2\/categories?post=5298"},{"taxonomy":"post_tag","embeddable":true,"href":"https:\/\/pages.pedf.cuni.cz\/khv\/wp-json\/wp\/v2\/tags?post=5298"}],"curies":[{"name":"wp","href":"https:\/\/api.w.org\/{rel}","templated":true}]}}