{"id":4941,"date":"2017-05-18T12:21:27","date_gmt":"2017-05-18T10:21:27","guid":{"rendered":"http:\/\/pages.pedf.cuni.cz\/kssp\/?p=4941"},"modified":"2017-05-18T12:21:27","modified_gmt":"2017-05-18T10:21:27","slug":"phdr-syriste-22","status":"publish","type":"post","link":"https:\/\/pages.pedf.cuni.cz\/kpg\/2017\/05\/18\/phdr-syriste-22\/","title":{"rendered":"PhDr. Syri\u0161t\u011b"},"content":{"rendered":"<p>V p\u00e1tek 19.5. 2017 bude zru\u0161ena v\u00fduka &#8211; Soci\u00e1ln\u00ed pedagogika od 12:35 &#8211; 14:50 hod. (R218) z d\u016fvodu nemoci<\/p>\n","protected":false},"excerpt":{"rendered":"<p>V p\u00e1tek 19.5. 2017 bude zru\u0161ena v\u00fduka &#8211; Soci\u00e1ln\u00ed pedagogika od 12:35 &#8211; 14:50 hod. (R218) z d\u016fvodu nemoci<\/p>\n","protected":false},"author":385,"featured_media":0,"comment_status":"closed","ping_status":"closed","sticky":false,"template":"","format":"standard","meta":{"footnotes":""},"categories":[4771],"tags":[],"class_list":["post-4941","post","type-post","status-publish","format-standard","hentry","category-zmeny"],"_links":{"self":[{"href":"https:\/\/pages.pedf.cuni.cz\/kpg\/wp-json\/wp\/v2\/posts\/4941","targetHints":{"allow":["GET"]}}],"collection":[{"href":"https:\/\/pages.pedf.cuni.cz\/kpg\/wp-json\/wp\/v2\/posts"}],"about":[{"href":"https:\/\/pages.pedf.cuni.cz\/kpg\/wp-json\/wp\/v2\/types\/post"}],"author":[{"embeddable":true,"href":"https:\/\/pages.pedf.cuni.cz\/kpg\/wp-json\/wp\/v2\/users\/385"}],"replies":[{"embeddable":true,"href":"https:\/\/pages.pedf.cuni.cz\/kpg\/wp-json\/wp\/v2\/comments?post=4941"}],"version-history":[{"count":1,"href":"https:\/\/pages.pedf.cuni.cz\/kpg\/wp-json\/wp\/v2\/posts\/4941\/revisions"}],"predecessor-version":[{"id":4942,"href":"https:\/\/pages.pedf.cuni.cz\/kpg\/wp-json\/wp\/v2\/posts\/4941\/revisions\/4942"}],"wp:attachment":[{"href":"https:\/\/pages.pedf.cuni.cz\/kpg\/wp-json\/wp\/v2\/media?parent=4941"}],"wp:term":[{"taxonomy":"category","embeddable":true,"href":"https:\/\/pages.pedf.cuni.cz\/kpg\/wp-json\/wp\/v2\/categories?post=4941"},{"taxonomy":"post_tag","embeddable":true,"href":"https:\/\/pages.pedf.cuni.cz\/kpg\/wp-json\/wp\/v2\/tags?post=4941"}],"curies":[{"name":"wp","href":"https:\/\/api.w.org\/{rel}","templated":true}]}}