{"id":1605,"date":"2021-02-18T00:22:58","date_gmt":"2021-02-17T23:22:58","guid":{"rendered":"http:\/\/pages.pedf.cuni.cz\/ksppg\/?p=1605"},"modified":"2021-03-01T22:03:57","modified_gmt":"2021-03-01T21:03:57","slug":"informace-k-vyuce-a-provozu-v-letnim-semestru","status":"publish","type":"post","link":"https:\/\/pages.pedf.cuni.cz\/ksppg\/archives\/1605","title":{"rendered":"Aktu\u00e1ln\u00ed informace od 27.2.2021 &#8211; 21.3.2021"},"content":{"rendered":"<p align=\"left\"><span style=\"color: #003300\"><strong>Na z\u00e1klad\u011b <a style=\"color: #003300\" href=\"https:\/\/apps.odok.cz\/attachment\/-\/down\/IHOABYLUNSGM\" target=\"_blank\" rel=\"noopener noreferrer\">usnesen\u00ed vl\u00e1dy \u010d. 200<\/a>, kter\u00e9 upravuje provoz \u0161kol od 27. 2. do 21. 3. 2021 (v\u010detn\u011b), bude platit pro v\u00fduku a provoz fakulty obdobn\u00fd re\u017eim jako dosud:<\/strong><\/span><\/p>\n<p align=\"left\"><a href=\"https:\/\/pedf.cuni.cz\/PEDF-54.html?news=11976&amp;locale=cz\">Informace z webu PedF UK<\/a><\/p>\n<ul>\n<li>V\u00fduka bude prob\u00edhat distan\u010dn\u011b s n\u00ed\u017ee uveden\u00fdmi v\u00fdjimkami,<\/li>\n<li>prezen\u010dn\u00ed zkou\u0161ky se mohou konat, a to za \u00fa\u010dasti nejv\u00fd\u0161e 10 p\u0159\u00edtomn\u00fdch osob,<\/li>\n<li>pro fakulty zaji\u0161\u0165uj\u00edc\u00ed u\u010ditelsk\u00e9 studijn\u00ed programy plat\u00ed v\u00fdjimky pro klinickou a praktickou v\u00fduku a praxi jako doposud,<\/li>\n<li>je mo\u017en\u00e9 konat prezen\u010dn\u00ed p\u0159ij\u00edmac\u00ed zkou\u0161ky za \u00fa\u010dasti nejv\u00fd\u0161e 10 p\u0159\u00edtomn\u00fdch osob,<\/li>\n<li>je mo\u017en\u00e9 konat individu\u00e1ln\u00ed konzultace (1 na 1).<\/li>\n<\/ul>\n<p align=\"left\"><b>Ve v\u0161ech budov\u00e1ch fakulty noste, pros\u00edm, v\u017edy respir\u00e1tor nebo nanorou\u0161ku. V\u00fdjimkou jsou jen situace, kdy zam\u011bstnanec v pracovn\u00ed dob\u011b nep\u0159ich\u00e1z\u00ed do kontaktu s jin\u00fdmi osobami.<\/b><\/p>\n<p align=\"left\">V souvislosti se z\u00e1kazem opustit \u00fazem\u00ed okresu nebo hl. m. Prahy, na jeho\u017e \u00fazem\u00ed m\u00e1 student trval\u00fd pobyt nebo bydli\u0161t\u011b, uveden\u00fdm v usnesen\u00ed vl\u00e1dy \u010d. 216 <b>je pro studenty d\u00e1na v\u00fdjimka z tohoto z\u00e1kazu, a to pro cesty za \u00fa\u010delem \u00fa\u010dasti na vzd\u011bl\u00e1v\u00e1n\u00ed, prax\u00edch a na zkou\u0161k\u00e1ch<\/b>. Studenti maj\u00ed povinnost prok\u00e1zat d\u016fvodnost vyu\u017eit\u00ed t\u011bchto v\u00fdjimek p\u00edsemn\u00fdm dokladem nebo zpo\u010d\u00e1tku alespo\u0148 \u010destn\u00fdm prohl\u00e1\u0161en\u00edm s uveden\u00edm konkr\u00e9tn\u00edho d\u016fvodu v\u00fdjimky (v\u010detn\u011b nap\u0159\u00edklad v\u00fdp\u016fj\u010dky literatury).<\/p>\n<p align=\"left\">Oba formul\u00e1\u0159e pro studenty jsou ke sta\u017een\u00ed na str\u00e1nk\u00e1ch studijn\u00edho odd\u011blen\u00ed pod t\u00edmto <a href=\"https:\/\/pedf.cuni.cz\/PEDF-220.html\" target=\"_blank\" rel=\"noopener noreferrer\">odkazem<\/a>.<\/p>\n<h2>Provoz budov<\/h2>\n<p align=\"left\"><b>\u00da\u0159edn\u00ed dny fakulty jsou pond\u011bl\u00ed a st\u0159eda 9:00\u201315:00 hod. <\/b><\/p>\n<p align=\"left\">Ostatn\u00ed dny jsou budovy p\u0159\u00edstupn\u00e9 zam\u011bstnanc\u016fm na kartu (studenti mohou nap\u0159. individu\u00e1ln\u011b cvi\u010dit na hudebn\u00ed n\u00e1stroje).<\/p>\n<p align=\"left\">Pokud pot\u0159ebujete vr\u00e1tit v\u00fdp\u016fj\u010dku do biblioboxu, vyzvednout si knihy v rezerva\u010dn\u00edm boxu, jste nap\u0159\u00edklad domluveni na individu\u00e1ln\u00edch konzultac\u00edch nebo pot\u0159ebujete cvi\u010dit individu\u00e1ln\u011b na hudebn\u00ed n\u00e1stroje, m\u016f\u017eete p\u0159ij\u00edt kdykoliv v dob\u011b, kdy je v provozu vr\u00e1tnice. Bude t\u0159eba p\u0159\u00edpadn\u011b zazvonit.<\/p>\n<h2>Provoz vr\u00e1tnic v jednotliv\u00fdch budov\u00e1ch<\/h2>\n<p>Ve v\u0161ech budov\u00e1ch bude provoz vr\u00e1tnic zaji\u0161t\u011bn pond\u011bl\u00ed\u2013p\u00e1tek v t\u011bchto \u010dasech:<br \/>\nMagdal\u00e9ny Rettigov\u00e9 7:00\u201319:30 hod.<br \/>\nMysl\u00edkova 8:00\u201317:00 hod.<br \/>\nCeletn\u00e1 6:00\u201319:00 hod.<br \/>\nBrand\u00fds nad Labem 7:30\u201314:00 hod.<\/p>\n<h2>Knihovna<\/h2>\n<p align=\"left\">Abyste si mohli vyzvednout objedn\u00e1vku, je t\u0159eba ji jako prvn\u00ed zadat do rezerva\u010dn\u00edho syst\u00e9mu. N\u00e1sledn\u011b v\u00e1m p\u0159ijde potvrzen\u00ed o vy\u0159\u00edzen\u00ed. V\u011bt\u0161ina v\u00fdp\u016fj\u010dek je vypo\u0159\u00e1d\u00e1v\u00e1na v \u00fa\u0159edn\u00ed dny pond\u011bl\u00ed a st\u0159eda 9:00\u201315:00 hod. Pokud se nem\u016f\u017eete v tyto dny dostavit, po\u017e\u00e1dejte knihovnu o vyzvednut\u00ed v rezerva\u010dn\u00edm boxu v jin\u00fd den. Rezerva\u010dn\u00ed boxy jsou p\u0159\u00edstupn\u00e9 v dob\u011b provozu vr\u00e1tnice.<\/p>\n<p align=\"left\">V\u00fdp\u016fj\u010dky vracejte pouze p\u0159es bibliobox, kter\u00fd je p\u0159\u00edstupn\u00fd v dob\u011b provozu vr\u00e1tnice.<\/p>\n<div class=\"overflowHidden\">\n<h2>Studijn\u00ed odd\u011blen\u00ed<\/h2>\n<p align=\"left\">Studijn\u00ed odd\u011blen\u00ed je otev\u0159eno v \u00fa\u0159edn\u00edch hodin\u00e1ch pond\u011bl\u00ed a st\u0159eda 9:00\u201314:00 hod.<\/p>\n<\/div>\n<div class=\"overflowHidden\">\n<h2>Podatelna, prodejna a dal\u0161\u00ed odd\u011blen\u00ed d\u011bkan\u00e1tu<\/h2>\n<p align=\"left\">Podatelna a dal\u0161\u00ed odd\u011blen\u00ed d\u011bkan\u00e1tu (nap\u0159. zahrani\u010dn\u00ed odd\u011blen\u00ed) jsou otev\u0159eny v \u00fa\u0159edn\u00edch dnech. V ostatn\u00ed dny mohou zam\u011bstnanci pracovat z domova, p\u0159\u00edpadn\u011b doch\u00e1zet na pracovi\u0161t\u011b podle pot\u0159eby.<\/p>\n<p align=\"left\">Prodejna je nad\u00e1le uzav\u0159ena, ale je mo\u017en\u00e9 si vyzved\u00e1vat objedn\u00e1vky p\u0159es internet v \u00fa\u0159edn\u00ed dny.<\/p>\n<\/div>\n","protected":false},"excerpt":{"rendered":"<p>Na z\u00e1klad\u011b usnesen\u00ed vl\u00e1dy \u010d. 200, kter\u00e9 upravuje provoz \u0161kol od 27. 2. do 21. 3. 2021 (v\u010detn\u011b), bude platit pro v\u00fduku a provoz fakulty obdobn\u00fd re\u017eim jako dosud: Informace&#8230; <\/p>\n","protected":false},"author":465,"featured_media":1609,"comment_status":"closed","ping_status":"closed","sticky":false,"template":"","format":"standard","meta":{"footnotes":""},"categories":[4626],"tags":[],"class_list":["post-1605","post","type-post","status-publish","format-standard","has-post-thumbnail","hentry","category-aktuality"],"_links":{"self":[{"href":"https:\/\/pages.pedf.cuni.cz\/ksppg\/wp-json\/wp\/v2\/posts\/1605","targetHints":{"allow":["GET"]}}],"collection":[{"href":"https:\/\/pages.pedf.cuni.cz\/ksppg\/wp-json\/wp\/v2\/posts"}],"about":[{"href":"https:\/\/pages.pedf.cuni.cz\/ksppg\/wp-json\/wp\/v2\/types\/post"}],"author":[{"embeddable":true,"href":"https:\/\/pages.pedf.cuni.cz\/ksppg\/wp-json\/wp\/v2\/users\/465"}],"replies":[{"embeddable":true,"href":"https:\/\/pages.pedf.cuni.cz\/ksppg\/wp-json\/wp\/v2\/comments?post=1605"}],"version-history":[{"count":10,"href":"https:\/\/pages.pedf.cuni.cz\/ksppg\/wp-json\/wp\/v2\/posts\/1605\/revisions"}],"predecessor-version":[{"id":1667,"href":"https:\/\/pages.pedf.cuni.cz\/ksppg\/wp-json\/wp\/v2\/posts\/1605\/revisions\/1667"}],"wp:featuredmedia":[{"embeddable":true,"href":"https:\/\/pages.pedf.cuni.cz\/ksppg\/wp-json\/wp\/v2\/media\/1609"}],"wp:attachment":[{"href":"https:\/\/pages.pedf.cuni.cz\/ksppg\/wp-json\/wp\/v2\/media?parent=1605"}],"wp:term":[{"taxonomy":"category","embeddable":true,"href":"https:\/\/pages.pedf.cuni.cz\/ksppg\/wp-json\/wp\/v2\/categories?post=1605"},{"taxonomy":"post_tag","embeddable":true,"href":"https:\/\/pages.pedf.cuni.cz\/ksppg\/wp-json\/wp\/v2\/tags?post=1605"}],"curies":[{"name":"wp","href":"https:\/\/api.w.org\/{rel}","templated":true}]}}