{"id":1691,"date":"2021-03-13T16:34:43","date_gmt":"2021-03-13T15:34:43","guid":{"rendered":"http:\/\/pages.pedf.cuni.cz\/ksppg\/?p=1691"},"modified":"2021-03-13T16:34:43","modified_gmt":"2021-03-13T15:34:43","slug":"the-dignity-of-work","status":"publish","type":"post","link":"https:\/\/pages.pedf.cuni.cz\/ksppg\/archives\/1691","title":{"rendered":"The Dignity of Work"},"content":{"rendered":"<p><strong>Pozv\u00e1nka pro v\u0161echny studenty KSPPG &#8211;<\/strong> <strong>3. b\u0159ezna 2021<\/strong>\u00a0 <strong>se uskute\u010dn\u00ed Mezin\u00e1rodn\u00ed f\u00f3rum<\/strong> <strong>&#8220;The Dignity of Work: Challenges and Opportunities Facing People with Disabilities Around the World&#8221;<\/strong>.<\/p>\n<p>\u00da\u010dast je zdarma &#8211; registraci naleznete <strong><a href=\"https:\/\/dignity.ici.umn.edu\/\">zde<\/a>.<\/strong><\/p>\n<p>Program je velmi zaj\u00edmav\u00fd &#8211; t\u00e9mata si m\u016f\u017eete pro\u010d\u00edst n\u00ed\u017ee. F\u00f3rum se uskute\u010dn\u00ed online formou od 8:00 do 14:00.<\/p>\n<ul>\n<li><strong>Japan<\/strong> &#8211; &#8220;Promoting an Inclusive Work Environment&#8221;<\/li>\n<li><strong>Vietnam<\/strong> &#8211; &#8220;Community Building for Valuable Lives to be Lived&#8221;<\/li>\n<li><strong>Russia<\/strong> &#8211; &#8220;Difficulties and Prospects of Organizing Employment&#8221;<\/li>\n<li><strong>USA<\/strong> &#8211; &#8220;Inclusive Employer and Employee Panel&#8221;<\/li>\n<li><strong>Russia<\/strong> &#8211; &#8220;Special Pottery and Special Artists&#8221;<\/li>\n<li><strong>Russia<\/strong> &#8211; &#8220;Cooking as a Way to Strengthen Skills&#8221;<\/li>\n<li><strong>Tanzania<\/strong> &#8211; &#8220;Assessment of Afterschool Education Programmes&#8221;<\/li>\n<li><strong>Ukraine<\/strong> &#8211; &#8220;Education, Employment, Policy: Three Stories&#8221;<\/li>\n<li><strong>USA<\/strong> &#8211; &#8220;Journey to Inclusive Employment in Higher Education&#8221;<\/li>\n<li><strong>Czech Republic<\/strong> &#8211; &#8220;Disability, Employment, and Citizenship&#8221;<\/li>\n<li><strong>Peru<\/strong> &#8211; &#8220;Hiring, Systems, Stories\u00a0 during COVID-19<\/li>\n<li><strong>USA<\/strong> &#8211; &#8220;Transition: What is it and what does look like?<\/li>\n<li><strong>USA<\/strong> &#8211; &#8220;The Power of Youth Work Experience&#8221;<\/li>\n<li><strong>USA<\/strong> &#8211; &#8220;Capitalist Notions of Value for Inclusion in Employment&#8221;<\/li>\n<li><strong>USA<\/strong> &#8211; &#8220;Geo-mapping\u00a0 to Understand Social Participation&#8221;<\/li>\n<li><strong>Brazil<\/strong> &#8211; &#8220;Building Inclusion through Leadership and Skills&#8221;<\/li>\n<li><strong>USA<\/strong> &#8211; &#8220;My Employment&#8221;<\/li>\n<li><strong>USA<\/strong> &#8211; &#8220;Check-In\/Check-Out: Performance Feedback&#8221;<\/li>\n<li><strong>USA<\/strong> &#8211; &#8220;Work as it means to Thrive, Survive and Feel Alive&#8221;<\/li>\n<\/ul>\n<p><em>Speakers from around the world will present on and lead discussions on the challenges and opportunities facing people with disabilities in employment.<\/em><\/p>\n<p><em>Parents of people with disabilities and people with disabilities themselves will discuss their hopes and fears about job opportunities, and employers who have hired people with disabilities will share their perspectives. Key experts from diverse academic, government, and non-governmental organizations will also provide insights.<\/em><\/p>\n","protected":false},"excerpt":{"rendered":"<p>Pozv\u00e1nka pro v\u0161echny studenty KSPPG &#8211; 3. b\u0159ezna 2021\u00a0 se uskute\u010dn\u00ed Mezin\u00e1rodn\u00ed f\u00f3rum &#8220;The Dignity of Work: Challenges and Opportunities Facing People with Disabilities Around the World&#8221;. \u00da\u010dast je zdarma&#8230; <\/p>\n","protected":false},"author":465,"featured_media":1622,"comment_status":"closed","ping_status":"closed","sticky":false,"template":"","format":"standard","meta":{"footnotes":""},"categories":[4626],"tags":[],"class_list":["post-1691","post","type-post","status-publish","format-standard","has-post-thumbnail","hentry","category-aktuality"],"_links":{"self":[{"href":"https:\/\/pages.pedf.cuni.cz\/ksppg\/wp-json\/wp\/v2\/posts\/1691","targetHints":{"allow":["GET"]}}],"collection":[{"href":"https:\/\/pages.pedf.cuni.cz\/ksppg\/wp-json\/wp\/v2\/posts"}],"about":[{"href":"https:\/\/pages.pedf.cuni.cz\/ksppg\/wp-json\/wp\/v2\/types\/post"}],"author":[{"embeddable":true,"href":"https:\/\/pages.pedf.cuni.cz\/ksppg\/wp-json\/wp\/v2\/users\/465"}],"replies":[{"embeddable":true,"href":"https:\/\/pages.pedf.cuni.cz\/ksppg\/wp-json\/wp\/v2\/comments?post=1691"}],"version-history":[{"count":1,"href":"https:\/\/pages.pedf.cuni.cz\/ksppg\/wp-json\/wp\/v2\/posts\/1691\/revisions"}],"predecessor-version":[{"id":1692,"href":"https:\/\/pages.pedf.cuni.cz\/ksppg\/wp-json\/wp\/v2\/posts\/1691\/revisions\/1692"}],"wp:featuredmedia":[{"embeddable":true,"href":"https:\/\/pages.pedf.cuni.cz\/ksppg\/wp-json\/wp\/v2\/media\/1622"}],"wp:attachment":[{"href":"https:\/\/pages.pedf.cuni.cz\/ksppg\/wp-json\/wp\/v2\/media?parent=1691"}],"wp:term":[{"taxonomy":"category","embeddable":true,"href":"https:\/\/pages.pedf.cuni.cz\/ksppg\/wp-json\/wp\/v2\/categories?post=1691"},{"taxonomy":"post_tag","embeddable":true,"href":"https:\/\/pages.pedf.cuni.cz\/ksppg\/wp-json\/wp\/v2\/tags?post=1691"}],"curies":[{"name":"wp","href":"https:\/\/api.w.org\/{rel}","templated":true}]}}