{"id":1714,"date":"2021-03-16T09:55:00","date_gmt":"2021-03-16T08:55:00","guid":{"rendered":"http:\/\/pages.pedf.cuni.cz\/ksppg\/?p=1714"},"modified":"2021-03-21T22:44:25","modified_gmt":"2021-03-21T21:44:25","slug":"aktualizace-informace-k-vyberovemu-rizeni-erasmus-a-studentske-mobility","status":"publish","type":"post","link":"https:\/\/pages.pedf.cuni.cz\/ksppg\/archives\/1714","title":{"rendered":"AKTUALIZACE INFORMACE K V\u00ddB\u011aROV\u00c9MU \u0158\u00cdZEN\u00cd &#8211; Erasmus a studentsk\u00e9 mobility"},"content":{"rendered":"<p><strong>AKTUALIZACE INFORMACE K V\u00ddB\u011aROV\u00c9MU \u0158\u00cdZEN\u00cd na Kated\u0159e speci\u00e1ln\u00ed pedagogiky pro v\u00fdjezdy student\u016f v r\u00e1mci Erasmus + studentsk\u00e9 mobility<br \/>\n<\/strong><\/p>\n<p><strong>V\u00fdb\u011brov\u00e9 \u0159\u00edzen\u00ed prob\u011bhne 22. 3.\u00a0\u00a0od 12.30 do 13.00\u00a0<u>on-line formou<\/u>.<\/strong><\/p>\n<p>Link na setk\u00e1n\u00ed bude jednotliv\u00fdm uchaze\u010d\u016fm zasl\u00e1n individu\u00e1ln\u011b emailem s up\u0159esn\u011bn\u00edm \u010dasu pro p\u0159ipojen\u00ed.<\/p>\n<p>P\u0159ipom\u00edn\u00e1me, \u017ee z\u00e1jemci\u00a0o\u00a0v\u00fdjezd\u00a0do\u00a020.\u00a03.\u00a02021\u00a0za\u0161lou\u00a0na\u00a0adresu lenka.felcmanova@pedf.cuni.cz\u00a0motiva\u010dn\u00ed\u00a0dopis,\u00a0CV\u00a0v\u00a0angli\u010dtin\u011b\u00a0nebo n\u011bm\u010din\u011b\u00a0a\u00a0sv\u016fj\u00a0studijn\u00ed\u00a0pl\u00e1n\u00a0(abychom\u00a0mohli\u00a0ov\u011b\u0159it\u00a0kompatibilitu p\u0159edm\u011bt\u016f).\u00a0V\u00a0motiva\u010dn\u00edm\u00a0dopise\u00a0uve\u010fte\u00a0p\u0159edm\u011bty,\u00a0o\u00a0kter\u00e9\u00a0m\u00e1te na\u00a0zahrani\u010dn\u00ed\u00a0univerzit\u011b\u00a0z\u00e1jem.<\/p>\n<p><strong>V p\u0159\u00edpad\u011b jak\u00fdchkoliv dotaz\u016f volejte na 777 612 257.<\/strong><\/p>\n","protected":false},"excerpt":{"rendered":"<p>AKTUALIZACE INFORMACE K V\u00ddB\u011aROV\u00c9MU \u0158\u00cdZEN\u00cd na Kated\u0159e speci\u00e1ln\u00ed pedagogiky pro v\u00fdjezdy student\u016f v r\u00e1mci Erasmus + studentsk\u00e9 mobility V\u00fdb\u011brov\u00e9 \u0159\u00edzen\u00ed prob\u011bhne 22. 3.\u00a0\u00a0od 12.30 do 13.00\u00a0on-line formou. Link na setk\u00e1n\u00ed&#8230; <\/p>\n","protected":false},"author":554,"featured_media":1735,"comment_status":"closed","ping_status":"closed","sticky":false,"template":"","format":"standard","meta":{"footnotes":""},"categories":[4626],"tags":[],"class_list":["post-1714","post","type-post","status-publish","format-standard","has-post-thumbnail","hentry","category-aktuality"],"_links":{"self":[{"href":"https:\/\/pages.pedf.cuni.cz\/ksppg\/wp-json\/wp\/v2\/posts\/1714","targetHints":{"allow":["GET"]}}],"collection":[{"href":"https:\/\/pages.pedf.cuni.cz\/ksppg\/wp-json\/wp\/v2\/posts"}],"about":[{"href":"https:\/\/pages.pedf.cuni.cz\/ksppg\/wp-json\/wp\/v2\/types\/post"}],"author":[{"embeddable":true,"href":"https:\/\/pages.pedf.cuni.cz\/ksppg\/wp-json\/wp\/v2\/users\/554"}],"replies":[{"embeddable":true,"href":"https:\/\/pages.pedf.cuni.cz\/ksppg\/wp-json\/wp\/v2\/comments?post=1714"}],"version-history":[{"count":1,"href":"https:\/\/pages.pedf.cuni.cz\/ksppg\/wp-json\/wp\/v2\/posts\/1714\/revisions"}],"predecessor-version":[{"id":1715,"href":"https:\/\/pages.pedf.cuni.cz\/ksppg\/wp-json\/wp\/v2\/posts\/1714\/revisions\/1715"}],"wp:featuredmedia":[{"embeddable":true,"href":"https:\/\/pages.pedf.cuni.cz\/ksppg\/wp-json\/wp\/v2\/media\/1735"}],"wp:attachment":[{"href":"https:\/\/pages.pedf.cuni.cz\/ksppg\/wp-json\/wp\/v2\/media?parent=1714"}],"wp:term":[{"taxonomy":"category","embeddable":true,"href":"https:\/\/pages.pedf.cuni.cz\/ksppg\/wp-json\/wp\/v2\/categories?post=1714"},{"taxonomy":"post_tag","embeddable":true,"href":"https:\/\/pages.pedf.cuni.cz\/ksppg\/wp-json\/wp\/v2\/tags?post=1714"}],"curies":[{"name":"wp","href":"https:\/\/api.w.org\/{rel}","templated":true}]}}