{"id":1899,"date":"2021-05-04T21:46:50","date_gmt":"2021-05-04T19:46:50","guid":{"rendered":"http:\/\/pages.pedf.cuni.cz\/ksppg\/?p=1899"},"modified":"2021-05-04T21:46:50","modified_gmt":"2021-05-04T19:46:50","slug":"nabidka-prace-specialni-pedagog-diagnostika-a-poradenstvi","status":"publish","type":"post","link":"https:\/\/pages.pedf.cuni.cz\/ksppg\/archives\/1899","title":{"rendered":"Nab\u00eddka pr\u00e1ce &#8211; Speci\u00e1ln\u00ed pedagog \u2013 diagnostika a poradenstv\u00ed"},"content":{"rendered":"<p>V\u00e1\u017een\u00ed studenti a absolventi Katedry speci\u00e1ln\u00ed pedagogiky. R\u00e1di bychom V\u00e1s informovali o pracovn\u00ed p\u0159\u00edle\u017eitosti, konkr\u00e9tn\u011b:<\/p>\n<p><strong>Speci\u00e1ln\u00ed pedagog \u2013 diagnostika a poradenstv\u00ed<\/strong><\/p>\n<p>Aktu\u00e1ln\u011b <span class=\"aCOpRe\"><em>St\u0159edn\u00ed \u0161kola a Mate\u0159sk\u00e1 \u0161kola Aloyse Klara<\/em><\/span> hled\u00e1 speci\u00e1ln\u00edho pedagoga pro SPC v Praze 4 na \u010d\u00e1ste\u010dn\u00fd \u00favazek, n\u00e1stup ihned nebo dohodou. Mo\u017en\u00fd pracovn\u00ed pom\u011br i dohoda o pracovn\u00ed \u010dinnosti. Je vy\u017eadov\u00e1no odpov\u00eddaj\u00edc\u00ed vysoko\u0161kolsk\u00e9 vzd\u011bl\u00e1n\u00ed, bez\u00fahonnost a flexibilita. V\u00edt\u00e1na je praxe v oboru i \u0159idi\u010dsk\u00fd pr\u016fkaz.<\/p>\n<p>Finan\u010dn\u00ed ohodnocen\u00ed &#8211; 12. platov\u00e1 t\u0159\u00edda.<br \/>\nInformace na tel.\u010d. 241 726 334 &#8211; personalistka \u0161koly Michaela Bro\u017eov\u00e1<\/p>\n<p>Sv\u00e9 \u017eivotopisy zas\u00edlejte na emailovou adresu <a href=\"mailto:brozova@aklar.cz\"><strong>brozova@aklar.cz<\/strong><\/a><br \/>\nWebov\u00e9 str\u00e1nky: <a href=\"https:\/\/aklar.cz\/\"><strong><span class=\"aCOpRe\">St\u0159edn\u00ed \u0161kola a Mate\u0159ska \u0161kola Aloyse Klara<\/span><\/strong><\/a><\/p>\n","protected":false},"excerpt":{"rendered":"<p>V\u00e1\u017een\u00ed studenti a absolventi Katedry speci\u00e1ln\u00ed pedagogiky. R\u00e1di bychom V\u00e1s informovali o pracovn\u00ed p\u0159\u00edle\u017eitosti, konkr\u00e9tn\u011b: Speci\u00e1ln\u00ed pedagog \u2013 diagnostika a poradenstv\u00ed Aktu\u00e1ln\u011b St\u0159edn\u00ed \u0161kola a Mate\u0159sk\u00e1 \u0161kola Aloyse Klara hled\u00e1&#8230; <\/p>\n","protected":false},"author":465,"featured_media":1868,"comment_status":"closed","ping_status":"closed","sticky":false,"template":"","format":"standard","meta":{"footnotes":""},"categories":[4626],"tags":[],"class_list":["post-1899","post","type-post","status-publish","format-standard","has-post-thumbnail","hentry","category-aktuality"],"_links":{"self":[{"href":"https:\/\/pages.pedf.cuni.cz\/ksppg\/wp-json\/wp\/v2\/posts\/1899","targetHints":{"allow":["GET"]}}],"collection":[{"href":"https:\/\/pages.pedf.cuni.cz\/ksppg\/wp-json\/wp\/v2\/posts"}],"about":[{"href":"https:\/\/pages.pedf.cuni.cz\/ksppg\/wp-json\/wp\/v2\/types\/post"}],"author":[{"embeddable":true,"href":"https:\/\/pages.pedf.cuni.cz\/ksppg\/wp-json\/wp\/v2\/users\/465"}],"replies":[{"embeddable":true,"href":"https:\/\/pages.pedf.cuni.cz\/ksppg\/wp-json\/wp\/v2\/comments?post=1899"}],"version-history":[{"count":1,"href":"https:\/\/pages.pedf.cuni.cz\/ksppg\/wp-json\/wp\/v2\/posts\/1899\/revisions"}],"predecessor-version":[{"id":1900,"href":"https:\/\/pages.pedf.cuni.cz\/ksppg\/wp-json\/wp\/v2\/posts\/1899\/revisions\/1900"}],"wp:featuredmedia":[{"embeddable":true,"href":"https:\/\/pages.pedf.cuni.cz\/ksppg\/wp-json\/wp\/v2\/media\/1868"}],"wp:attachment":[{"href":"https:\/\/pages.pedf.cuni.cz\/ksppg\/wp-json\/wp\/v2\/media?parent=1899"}],"wp:term":[{"taxonomy":"category","embeddable":true,"href":"https:\/\/pages.pedf.cuni.cz\/ksppg\/wp-json\/wp\/v2\/categories?post=1899"},{"taxonomy":"post_tag","embeddable":true,"href":"https:\/\/pages.pedf.cuni.cz\/ksppg\/wp-json\/wp\/v2\/tags?post=1899"}],"curies":[{"name":"wp","href":"https:\/\/api.w.org\/{rel}","templated":true}]}}