{"id":1924,"date":"2021-05-24T13:10:31","date_gmt":"2021-05-24T11:10:31","guid":{"rendered":"http:\/\/pages.pedf.cuni.cz\/ksppg\/?p=1924"},"modified":"2021-05-24T13:11:08","modified_gmt":"2021-05-24T11:11:08","slug":"1924","status":"publish","type":"post","link":"https:\/\/pages.pedf.cuni.cz\/ksppg\/archives\/1924","title":{"rendered":"Nab\u00eddka pr\u00e1ce &#8211; speci\u00e1ln\u00ed pedagog &#8211; logoped"},"content":{"rendered":"<p><strong>Z\u00e1kladn\u00ed \u0161kola a Mate\u0159sk\u00e1 \u0161kola pro t\u011blesn\u011b posti\u017een\u00e9 v Liberci nab\u00edz\u00ed pracovn\u00ed pozici <\/strong><strong>SPECI\u00c1LN\u00cd PEDAGOG &#8211; logoped<\/strong><\/p>\n<p><strong>Kde?<\/strong><br \/>\nV\u00a0SPC pro autisty nebo v\u00a0SPC pro t\u011blesn\u011b posti\u017een\u00e9 v\u00a0Liberci, p\u0159\u00edpadn\u011b v\u00a0samotn\u00e9 \u0161kole pro t\u011blesn\u011b posti\u017een\u00e9 v Liberci. (Ob\u011b SPC p\u0159i \u0161kole.)<\/p>\n<p><strong>Od kdy?<\/strong><br \/>\nIde\u00e1ln\u011b hned, n\u00e1stup mo\u017en\u00fd v\u00a0p\u0159\u00edpad\u011b z\u00e1jmu kdykoli, nejpozd\u011bji z\u00e1\u0159\u00ed 2021.<\/p>\n<p><strong>Co nab\u00edz\u00edme?<\/strong><br \/>\nLidsk\u00fd a individu\u00e1ln\u00ed p\u0159\u00edstup, rodinn\u00e9 prost\u0159ed\u00ed, pozitivn\u00ed a pracovit\u00e9 okol\u00ed, mo\u017enost zkr\u00e1cen\u00e9ho \u00favazku, p\u0159izp\u016fsoben\u00ed pracovn\u00ed doby.<\/p>\n<p><strong>Finance?<\/strong><br \/>\nN\u00e1stupn\u00ed plat, dle platov\u00fdch tabulek (12. \u2013 13. platov\u00e1 t\u0159\u00edda).<\/p>\n<p><strong>Dal\u0161\u00ed vzd\u011bl\u00e1n\u00ed?<\/strong><br \/>\n\u0160kola podporuje zam\u011bstnance p\u0159i dal\u0161\u00edm vzd\u011bl\u00e1v\u00e1n\u00ed, dle pot\u0159eb samotn\u00fdch zam\u011bstnanc\u016f do v\u00fd\u0161e 20\u00a0000,- K\u010d za rok.<\/p>\n<p><strong>Kontakt:<\/strong><br \/>\nMgr. V\u00edt \u0160\u0165astn\u00fd<br \/>\n<a href=\"mailto:Stastny.zsms@seznam.cz\">Stastny.zsms@seznam.cz<\/a><br \/>\n601\u00a0568\u00a0357<\/p>\n","protected":false},"excerpt":{"rendered":"<p>Z\u00e1kladn\u00ed \u0161kola a Mate\u0159sk\u00e1 \u0161kola pro t\u011blesn\u011b posti\u017een\u00e9 v Liberci nab\u00edz\u00ed pracovn\u00ed pozici SPECI\u00c1LN\u00cd PEDAGOG &#8211; logoped Kde? V\u00a0SPC pro autisty nebo v\u00a0SPC pro t\u011blesn\u011b posti\u017een\u00e9 v\u00a0Liberci, p\u0159\u00edpadn\u011b v\u00a0samotn\u00e9 \u0161kole&#8230; <\/p>\n","protected":false},"author":465,"featured_media":1907,"comment_status":"closed","ping_status":"closed","sticky":false,"template":"","format":"standard","meta":{"footnotes":""},"categories":[4626],"tags":[],"class_list":["post-1924","post","type-post","status-publish","format-standard","has-post-thumbnail","hentry","category-aktuality"],"_links":{"self":[{"href":"https:\/\/pages.pedf.cuni.cz\/ksppg\/wp-json\/wp\/v2\/posts\/1924","targetHints":{"allow":["GET"]}}],"collection":[{"href":"https:\/\/pages.pedf.cuni.cz\/ksppg\/wp-json\/wp\/v2\/posts"}],"about":[{"href":"https:\/\/pages.pedf.cuni.cz\/ksppg\/wp-json\/wp\/v2\/types\/post"}],"author":[{"embeddable":true,"href":"https:\/\/pages.pedf.cuni.cz\/ksppg\/wp-json\/wp\/v2\/users\/465"}],"replies":[{"embeddable":true,"href":"https:\/\/pages.pedf.cuni.cz\/ksppg\/wp-json\/wp\/v2\/comments?post=1924"}],"version-history":[{"count":2,"href":"https:\/\/pages.pedf.cuni.cz\/ksppg\/wp-json\/wp\/v2\/posts\/1924\/revisions"}],"predecessor-version":[{"id":1926,"href":"https:\/\/pages.pedf.cuni.cz\/ksppg\/wp-json\/wp\/v2\/posts\/1924\/revisions\/1926"}],"wp:featuredmedia":[{"embeddable":true,"href":"https:\/\/pages.pedf.cuni.cz\/ksppg\/wp-json\/wp\/v2\/media\/1907"}],"wp:attachment":[{"href":"https:\/\/pages.pedf.cuni.cz\/ksppg\/wp-json\/wp\/v2\/media?parent=1924"}],"wp:term":[{"taxonomy":"category","embeddable":true,"href":"https:\/\/pages.pedf.cuni.cz\/ksppg\/wp-json\/wp\/v2\/categories?post=1924"},{"taxonomy":"post_tag","embeddable":true,"href":"https:\/\/pages.pedf.cuni.cz\/ksppg\/wp-json\/wp\/v2\/tags?post=1924"}],"curies":[{"name":"wp","href":"https:\/\/api.w.org\/{rel}","templated":true}]}}