{"id":1954,"date":"2021-06-07T10:45:46","date_gmt":"2021-06-07T08:45:46","guid":{"rendered":"http:\/\/pages.pedf.cuni.cz\/ksppg\/?p=1954"},"modified":"2021-06-07T10:45:46","modified_gmt":"2021-06-07T08:45:46","slug":"konference-nejistota-ve-vychove","status":"publish","type":"post","link":"https:\/\/pages.pedf.cuni.cz\/ksppg\/archives\/1954","title":{"rendered":"Konference &#8211; Nejistota ve v\u00fdchov\u011b"},"content":{"rendered":"<p>Dne 27. kv\u011btna se uskute\u010dn\u00ed na Pedagogick\u00e9 fakult\u011b Univerzity Karlovy od 9:00 <strong>konference Nejistota ve v\u00fdchov\u011b<\/strong>, na kter\u00e9 se pod\u00edlej\u00ed:<br \/>\n<em>Katedra ob\u010dansk\u00e9 v\u00fdchovy a filozofie<\/em><br \/>\n<em>Katedra speci\u00e1ln\u00ed pedagogiky<\/em><br \/>\n<em>Katedra psychologie<\/em><br \/>\n<em>Central European philosophy of education society<\/em><\/p>\n<p>Registrace p\u0159\u00edsp\u011bvk\u016f je mo\u017en\u00e1 do 27. dubna <strong><a href=\"https:\/\/docs.google.com\/forms\/d\/e\/1FAIpQLSfaTQZU5iqx1Cx-Q_oGiGuvcjuzNvYaLsPkXSM_Ro2WrzzIPw\/viewform\">zde<\/a><\/strong>, konferen\u010dn\u00ed poplatek \u010din\u00ed 500 K\u010d.<\/p>\n<p>Konference se bude odehr\u00e1vat v online prost\u0159ed\u00ed aplikace E<em>ventee<\/em>. Konference je financov\u00e1na z projektu Progres Q17 P\u0159\u00edprava u\u010ditele a u\u010ditelsk\u00e1 profese v kontextu v\u011bdy a v\u00fdzkumu.<\/p>\n<p>V\u00edce informac\u00ed naleznete na p\u0159ilo\u017een\u00e9 pozv\u00e1nce <a href=\"https:\/\/pages.pedf.cuni.cz\/ksppg\/files\/2021\/04\/Nejistota-ve-vychove_-konference_2021.pdf\"><strong>zde<\/strong><\/a>.<\/p>\n","protected":false},"excerpt":{"rendered":"<p>Dne 27. kv\u011btna se uskute\u010dn\u00ed na Pedagogick\u00e9 fakult\u011b Univerzity Karlovy od 9:00 konference Nejistota ve v\u00fdchov\u011b, na kter\u00e9 se pod\u00edlej\u00ed: Katedra ob\u010dansk\u00e9 v\u00fdchovy a filozofie Katedra speci\u00e1ln\u00ed pedagogiky Katedra psychologie&#8230; <\/p>\n","protected":false},"author":465,"featured_media":1820,"comment_status":"closed","ping_status":"closed","sticky":false,"template":"","format":"standard","meta":{"footnotes":""},"categories":[4626],"tags":[],"class_list":["post-1954","post","type-post","status-publish","format-standard","has-post-thumbnail","hentry","category-aktuality"],"_links":{"self":[{"href":"https:\/\/pages.pedf.cuni.cz\/ksppg\/wp-json\/wp\/v2\/posts\/1954","targetHints":{"allow":["GET"]}}],"collection":[{"href":"https:\/\/pages.pedf.cuni.cz\/ksppg\/wp-json\/wp\/v2\/posts"}],"about":[{"href":"https:\/\/pages.pedf.cuni.cz\/ksppg\/wp-json\/wp\/v2\/types\/post"}],"author":[{"embeddable":true,"href":"https:\/\/pages.pedf.cuni.cz\/ksppg\/wp-json\/wp\/v2\/users\/465"}],"replies":[{"embeddable":true,"href":"https:\/\/pages.pedf.cuni.cz\/ksppg\/wp-json\/wp\/v2\/comments?post=1954"}],"version-history":[{"count":1,"href":"https:\/\/pages.pedf.cuni.cz\/ksppg\/wp-json\/wp\/v2\/posts\/1954\/revisions"}],"predecessor-version":[{"id":1956,"href":"https:\/\/pages.pedf.cuni.cz\/ksppg\/wp-json\/wp\/v2\/posts\/1954\/revisions\/1956"}],"wp:featuredmedia":[{"embeddable":true,"href":"https:\/\/pages.pedf.cuni.cz\/ksppg\/wp-json\/wp\/v2\/media\/1820"}],"wp:attachment":[{"href":"https:\/\/pages.pedf.cuni.cz\/ksppg\/wp-json\/wp\/v2\/media?parent=1954"}],"wp:term":[{"taxonomy":"category","embeddable":true,"href":"https:\/\/pages.pedf.cuni.cz\/ksppg\/wp-json\/wp\/v2\/categories?post=1954"},{"taxonomy":"post_tag","embeddable":true,"href":"https:\/\/pages.pedf.cuni.cz\/ksppg\/wp-json\/wp\/v2\/tags?post=1954"}],"curies":[{"name":"wp","href":"https:\/\/api.w.org\/{rel}","templated":true}]}}