{"id":2607,"date":"2022-03-18T09:29:40","date_gmt":"2022-03-18T08:29:40","guid":{"rendered":"https:\/\/pages.pedf.cuni.cz\/ksppg\/?p=2607"},"modified":"2022-03-18T09:29:40","modified_gmt":"2022-03-18T08:29:40","slug":"prohlaseni-dekana-pedf-uk","status":"publish","type":"post","link":"https:\/\/pages.pedf.cuni.cz\/ksppg\/archives\/2607","title":{"rendered":"Prohl\u00e1\u0161en\u00ed d\u011bkana PedF UK"},"content":{"rendered":"<h2>Prohl\u00e1\u0161en\u00ed d\u011bkana fakulty ke konfliktu na Ukrajin\u011b<\/h2>\n<p align=\"left\">V\u00e1\u017een\u00e9 kolegyn\u011b, v\u00e1\u017een\u00ed kolegov\u00e9,<\/p>\n<p align=\"left\">ned\u00e1vn\u00e9 ud\u00e1losti daly na\u0161\u00ed dob\u011b zcela jinou dynamiku ne\u017e tu, na jakou jsme byli zvykl\u00ed. T\u011b\u0161ili jsme se na dobu bez izolac\u00ed a karant\u00e9n, t\u011b\u0161ili jsme se, \u017ee budeme \u017e\u00edt znovu tak, jak jsme byli zvykl\u00ed p\u0159ed dv\u011bma lety. M\u00edsto toho p\u0159ich\u00e1z\u00ed dal\u0161\u00ed zkou\u0161ka \u2013 otev\u0159en\u00e1 v\u00e1lka, kter\u00e1 p\u0159\u00edmo v Evrop\u011b p\u0159in\u00e1\u0161\u00ed utrpen\u00ed, boje, \u00fat\u011bky a k tomu ot\u00e1zky co bude d\u00e1l. Obrac\u00edm se proto na tomto m\u00edst\u011b k na\u0161im ukrajinsk\u00fdm i rusk\u00fdm zam\u011bstnanc\u016fm a student\u016fm.<\/p>\n<p align=\"left\">V\u00e1\u017een\u00e9 kolegyn\u011b, v\u00e1\u017een\u00ed kolegov\u00e9 z Ukrajiny,<\/p>\n<p align=\"left\">v souvislosti s ud\u00e1lostmi, kter\u00e9 se odehr\u00e1vaj\u00ed ve va\u0161\u00ed zemi, si st\u00e1le siln\u011bji uv\u011bdomuji, jak\u00e9 m\u00e1m \u0161t\u011bst\u00ed, \u017ee se ka\u017ed\u00fd den vrac\u00edm do klidn\u00e9ho a bezpe\u010dn\u00e9ho domova. Ale kdy\u017e v\u00edm, co se pr\u00e1v\u011b te\u010f odehr\u00e1v\u00e1 v Mariupolu nebo Charkov\u011b, uv\u011bdomuji si i to, \u017ee se m\u00e9 bezpe\u010d\u00ed m\u016f\u017ee ze dne na den prom\u011bnit v prav\u00fd opak. Uji\u0161\u0165uji v\u00e1s, \u017ee toto v\u0161echno m\u00e1m na mysli nejen ve chv\u00edli, kdy p\u00ed\u0161i tyto \u0159\u00e1dky. Znovu a znovu tak\u00e9 p\u0159em\u00fd\u0161l\u00edm i o tom, jak\u00e1 podpora je pro v\u00e1s ta nejlep\u0161\u00ed. Z\u00e1kladn\u00ed formu pomoci fakulta p\u0159ipravila, ale pokud vy sami objev\u00edte dal\u0161\u00ed mo\u017enosti, dejte mi v\u011bd\u011bt. To nejpot\u0159ebn\u011bj\u0161\u00ed, konec v\u00e1lky, za\u0159\u00eddit nedok\u00e1\u017eeme, ale budeme se sna\u017eit ud\u011blat v\u0161echno, co je v na\u0161ich sil\u00e1ch.<\/p>\n<p align=\"left\">V\u00e1\u017een\u00e9 kolegyn\u011b, v\u00e1\u017een\u00ed kolegov\u00e9 z Ruska,<\/p>\n<p align=\"left\">neum\u00edm si p\u0159edstavit, jak\u00e9 to je, \u017e\u00edt s v\u011bdom\u00edm, \u017ee zem\u011b, odkud poch\u00e1z\u00edm, je agresorem. T\u00edm z\u00e1sadn\u00edm pocitem by byla nejsp\u00ed\u0161 bezmoc. V\u011b\u0159\u00edm, \u017ee v\u011bt\u0161ina z v\u00e1s s touto v\u00e1lkou nesouhlas\u00ed. Je mi tak\u00e9 jasn\u00e9, \u017ee vinou rusk\u00e9 propagandy, m\u016f\u017ee sou\u010dasn\u00e1 situace p\u016fsobit nejeden rozkol v rodin\u00e1ch nebo mezi p\u0159\u00e1teli. Ubezpe\u010duji v\u00e1s v\u0161ak, \u017ee va\u0161e n\u00e1rodnost nen\u00ed d\u016fvodem k tomu, abychom uplat\u0148ovali princip kolektivn\u00ed viny. Stejn\u011b tak ale nen\u00ed u n\u00e1s m\u00edsto ani pro schvalov\u00e1n\u00ed \u010di snad podporu agrese, kterou na Ukrajin\u011b trp\u00ed miliony lid\u00ed. M\u00e1me to \u0161t\u011bst\u00ed, \u017ee se spole\u010dn\u011b nach\u00e1z\u00edme na p\u016fd\u011b vzd\u011bl\u00e1v\u00e1n\u00ed. A zde zvl\u00e1\u0161t\u011b siln\u011b vn\u00edm\u00e1m, \u017ee pr\u00e1v\u011b vzd\u011bl\u00e1n\u00ed a kritick\u00e9 my\u0161len\u00ed jsou proti dezinformac\u00edm a autokratick\u00fdm projev\u016fm z\u00e1sadn\u00ed zbran\u00ed.<\/p>\n<p align=\"left\">V\u00e1\u017een\u00e9 kolegyn\u011b, v\u00e1\u017een\u00ed kolegov\u00e9, zam\u011bstnanci, studenti,<\/p>\n<p align=\"left\">ka\u017ed\u00fd z n\u00e1s si v t\u011bchto dnech klade ot\u00e1zku, co vlastn\u011b zm\u016f\u017ee jednotlivec v soukol\u00ed despocie a nen\u00e1visti. M\u011bjme na pam\u011bti, \u017ee ud\u011blat m\u016f\u017ee ka\u017ed\u00fd n\u011bco. Pom\u00e1hat v asisten\u010dn\u00edch centrech i ve \u0161kol\u00e1ch. V\u011bnovat finance ukrajinsk\u00e9 vl\u00e1d\u011b nebo charitativn\u00edm organizac\u00edm. \u00da\u010dastnit se demonstrac\u00ed, protest\u016f, akc\u00ed na podporu Ukrajin\u011b. M\u016f\u017eeme takov\u00e9 akce i sami organizovat a v ka\u017ed\u00e9m p\u0159\u00edpad\u011b v\u017edy ve\u0159ejn\u011b uk\u00e1zat, \u017ee podobn\u00e9 chov\u00e1n\u00ed je pro n\u00e1s naprosto nep\u0159ijateln\u00e9. V\u0161echny tyto kroky m\u016f\u017eeme \u010dinit spole\u010dn\u011b, bez ohledu na n\u00e1rodnost, rasu, etnicitu nebo n\u00e1bo\u017eensk\u00e9 p\u0159esv\u011bd\u010den\u00ed. Mysleme v\u0161ak na to, \u017ee na\u0161e pomoc bude pot\u0159ebn\u00e1 dlouhodob\u011b. P\u0159edch\u00e1zejme proto vyho\u0159en\u00ed a v\u011bnujme se i sami sob\u011b a sv\u00fdm bl\u00edzk\u00fdm. Sou\u010dasn\u00e1 situace se jist\u011b brzy prom\u00edtne do na\u0161ich \u017eivot\u016f. Minim\u00e1ln\u011b t\u00edm, \u017ee vlivem sankc\u00ed se sn\u00ed\u017e\u00ed na\u0161e dosavadn\u00ed \u017eivotn\u00ed \u00farove\u0148. M\u011bjme ale v\u017edy na pam\u011bti, \u017ee se jedn\u00e1 o cenu, kterou plat\u00edme za na\u0161i svobodu a bezpe\u010dnost. V\u00edm, \u017ee takov\u00ed jsme, i kdy\u017e na spoustu v\u011bc\u00ed m\u00e1me r\u016fzn\u00e9 n\u00e1zory, v\u00edm, \u017ee v z\u00e1sadn\u00edch postoj\u00edch a ch\u00e1p\u00e1n\u00ed hodnot se neli\u0161\u00edme a \u017ee pom\u00e1hat um\u00edme.<\/p>\n<p align=\"left\">Je mi nesm\u00edrnou ct\u00ed, \u017ee mohu b\u00fdt d\u011bkanem fakulty, kter\u00e1 toto v\u0161echno dok\u00e1\u017ee.<\/p>\n<p align=\"left\">Michal Ned\u011blka<\/p>\n<p align=\"left\">d\u011bkan fakulty<\/p>\n<p>&nbsp;<\/p>\n","protected":false},"excerpt":{"rendered":"<p>Prohl\u00e1\u0161en\u00ed d\u011bkana fakulty ke konfliktu na Ukrajin\u011b V\u00e1\u017een\u00e9 kolegyn\u011b, v\u00e1\u017een\u00ed kolegov\u00e9, ned\u00e1vn\u00e9 ud\u00e1losti daly na\u0161\u00ed dob\u011b zcela jinou dynamiku ne\u017e tu, na jakou jsme byli zvykl\u00ed. T\u011b\u0161ili jsme se na&#8230; <\/p>\n","protected":false},"author":465,"featured_media":2566,"comment_status":"closed","ping_status":"closed","sticky":false,"template":"","format":"standard","meta":{"footnotes":""},"categories":[4626],"tags":[],"class_list":["post-2607","post","type-post","status-publish","format-standard","has-post-thumbnail","hentry","category-aktuality"],"_links":{"self":[{"href":"https:\/\/pages.pedf.cuni.cz\/ksppg\/wp-json\/wp\/v2\/posts\/2607","targetHints":{"allow":["GET"]}}],"collection":[{"href":"https:\/\/pages.pedf.cuni.cz\/ksppg\/wp-json\/wp\/v2\/posts"}],"about":[{"href":"https:\/\/pages.pedf.cuni.cz\/ksppg\/wp-json\/wp\/v2\/types\/post"}],"author":[{"embeddable":true,"href":"https:\/\/pages.pedf.cuni.cz\/ksppg\/wp-json\/wp\/v2\/users\/465"}],"replies":[{"embeddable":true,"href":"https:\/\/pages.pedf.cuni.cz\/ksppg\/wp-json\/wp\/v2\/comments?post=2607"}],"version-history":[{"count":1,"href":"https:\/\/pages.pedf.cuni.cz\/ksppg\/wp-json\/wp\/v2\/posts\/2607\/revisions"}],"predecessor-version":[{"id":2608,"href":"https:\/\/pages.pedf.cuni.cz\/ksppg\/wp-json\/wp\/v2\/posts\/2607\/revisions\/2608"}],"wp:featuredmedia":[{"embeddable":true,"href":"https:\/\/pages.pedf.cuni.cz\/ksppg\/wp-json\/wp\/v2\/media\/2566"}],"wp:attachment":[{"href":"https:\/\/pages.pedf.cuni.cz\/ksppg\/wp-json\/wp\/v2\/media?parent=2607"}],"wp:term":[{"taxonomy":"category","embeddable":true,"href":"https:\/\/pages.pedf.cuni.cz\/ksppg\/wp-json\/wp\/v2\/categories?post=2607"},{"taxonomy":"post_tag","embeddable":true,"href":"https:\/\/pages.pedf.cuni.cz\/ksppg\/wp-json\/wp\/v2\/tags?post=2607"}],"curies":[{"name":"wp","href":"https:\/\/api.w.org\/{rel}","templated":true}]}}