{"id":2620,"date":"2022-03-31T12:37:07","date_gmt":"2022-03-31T10:37:07","guid":{"rendered":"https:\/\/pages.pedf.cuni.cz\/ksppg\/?p=2620"},"modified":"2022-03-31T12:37:07","modified_gmt":"2022-03-31T10:37:07","slug":"erasmus-2","status":"publish","type":"post","link":"https:\/\/pages.pedf.cuni.cz\/ksppg\/archives\/2620","title":{"rendered":"ERASMUS +"},"content":{"rendered":"<div class=\"post-single clearfix\">\n<div class=\"overflowHidden\">\n<div class=\"elementor-column elementor-col-50 elementor-inner-column elementor-element elementor-element-bf4270f\" data-id=\"bf4270f\" data-element_type=\"column\">\n<div class=\"elementor-widget-wrap elementor-element-populated\">\n<p><b>V\u00fdb\u011brov\u00e9 \u0159\u00edzen\u00ed na v\u00fdjezd v r\u00e1mci programu Erasmus +<\/b><\/p>\n<div>V\u00e1\u017een\u00e9 studentky, v\u00e1\u017een\u00ed studenti,<\/div>\n<div><\/div>\n<div>v\u00fdb\u011brov\u00e9 \u0159\u00edzen\u00ed t\u00fdkaj\u00edc\u00ed se v\u00fdjezdu v r\u00e1mci Erasmus + se uskute\u010dn\u00ed:<\/div>\n<div><strong> 28. 3. 2022 od 14.00 v m\u00edstnosti R455.<\/strong><\/div>\n<div><\/div>\n<div>K v\u00fdb\u011brov\u00e9mu \u0159\u00edzen\u00ed si p\u0159ineste CV a motiva\u010dn\u00ed dopis v n\u011bm\u017e uvedete p\u0159edb\u011b\u017en\u00fd v\u00fdb\u011br p\u0159edm\u011bt\u016f, kter\u00e9 chcete na zahrani\u010dn\u00ed univerzit\u011b studovat. Oba dokumenty zpracujte v v angli\u010dtin\u011b (n\u011bm\u010din\u011b \u2013 pro p\u0159ihl\u00e1\u0161ky na univerzity v N\u011bmecku).<\/div>\n<\/div>\n<\/div>\n<\/div>\n<\/div>\n","protected":false},"excerpt":{"rendered":"<p>V\u00fdb\u011brov\u00e9 \u0159\u00edzen\u00ed na v\u00fdjezd v r\u00e1mci programu Erasmus + V\u00e1\u017een\u00e9 studentky, v\u00e1\u017een\u00ed studenti, v\u00fdb\u011brov\u00e9 \u0159\u00edzen\u00ed t\u00fdkaj\u00edc\u00ed se v\u00fdjezdu v r\u00e1mci Erasmus + se uskute\u010dn\u00ed: 28. 3. 2022 od 14.00 v&#8230; <\/p>\n","protected":false},"author":465,"featured_media":2602,"comment_status":"closed","ping_status":"closed","sticky":false,"template":"","format":"standard","meta":{"footnotes":""},"categories":[4626],"tags":[],"class_list":["post-2620","post","type-post","status-publish","format-standard","has-post-thumbnail","hentry","category-aktuality"],"_links":{"self":[{"href":"https:\/\/pages.pedf.cuni.cz\/ksppg\/wp-json\/wp\/v2\/posts\/2620","targetHints":{"allow":["GET"]}}],"collection":[{"href":"https:\/\/pages.pedf.cuni.cz\/ksppg\/wp-json\/wp\/v2\/posts"}],"about":[{"href":"https:\/\/pages.pedf.cuni.cz\/ksppg\/wp-json\/wp\/v2\/types\/post"}],"author":[{"embeddable":true,"href":"https:\/\/pages.pedf.cuni.cz\/ksppg\/wp-json\/wp\/v2\/users\/465"}],"replies":[{"embeddable":true,"href":"https:\/\/pages.pedf.cuni.cz\/ksppg\/wp-json\/wp\/v2\/comments?post=2620"}],"version-history":[{"count":1,"href":"https:\/\/pages.pedf.cuni.cz\/ksppg\/wp-json\/wp\/v2\/posts\/2620\/revisions"}],"predecessor-version":[{"id":2621,"href":"https:\/\/pages.pedf.cuni.cz\/ksppg\/wp-json\/wp\/v2\/posts\/2620\/revisions\/2621"}],"wp:featuredmedia":[{"embeddable":true,"href":"https:\/\/pages.pedf.cuni.cz\/ksppg\/wp-json\/wp\/v2\/media\/2602"}],"wp:attachment":[{"href":"https:\/\/pages.pedf.cuni.cz\/ksppg\/wp-json\/wp\/v2\/media?parent=2620"}],"wp:term":[{"taxonomy":"category","embeddable":true,"href":"https:\/\/pages.pedf.cuni.cz\/ksppg\/wp-json\/wp\/v2\/categories?post=2620"},{"taxonomy":"post_tag","embeddable":true,"href":"https:\/\/pages.pedf.cuni.cz\/ksppg\/wp-json\/wp\/v2\/tags?post=2620"}],"curies":[{"name":"wp","href":"https:\/\/api.w.org\/{rel}","templated":true}]}}