{"id":2640,"date":"2022-04-04T21:54:40","date_gmt":"2022-04-04T19:54:40","guid":{"rendered":"https:\/\/pages.pedf.cuni.cz\/ksppg\/?p=2640"},"modified":"2022-04-11T13:29:47","modified_gmt":"2022-04-11T11:29:47","slug":"2640","status":"publish","type":"post","link":"https:\/\/pages.pedf.cuni.cz\/ksppg\/archives\/2640","title":{"rendered":"Centrum Locika"},"content":{"rendered":"<p>Centrum Locika nab\u00edz\u00ed metodickou podporu, jak mluvit s d\u011btmi o v\u00e1lce:<\/p>\n<p><em>Centrum LOCIKA pom\u00e1h\u00e1 d\u011btem, kter\u00e9 za\u017e\u00edvaj\u00ed n\u00e1sil\u00ed v rodin\u011b, a\u0165 u\u017e jako p\u0159\u00edm\u00e9 ob\u011bti nebo sv\u011btci.<\/em><\/p>\n<p>Je bolestn\u011b t\u011b\u017ek\u00e9 mluvit s d\u011btmi o v\u00e1lce. A vzhledem k tomu, \u017ee d\u011bti maj\u00ed p\u0159\u00edstup k m\u00e9di\u00edm, je t\u00e9m\u011b\u0159 nemo\u017en\u00e9 je ochr\u00e1nit p\u0159ed d\u011bsiv\u00fdmi a matouc\u00edmi sv\u011btov\u00fdmi ud\u00e1lostmi. To, co \u0159\u00edk\u00e1me na\u0161im d\u011btem, z\u00e1vis\u00ed na jejich v\u011bku, ot\u00e1zk\u00e1ch, kter\u00e9 kladou, a na na\u0161em vlastn\u00edm politick\u00e9m a mor\u00e1ln\u00edm p\u0159esv\u011bd\u010den\u00ed. A\u0165 u\u017e se c\u00edt\u00edme ohledn\u011b toho, co se d\u011bje na Ukrajin\u011b jakkoliv, chceme povzbudit d\u011bti, aby se i nad\u00e1le zaj\u00edmaly o sv\u011bt, v\u00e1\u017eily si m\u00edrov\u00fdch \u0159e\u0161en\u00ed probl\u00e9m\u016f a bez obav za n\u00e1mi chodily s dotazy a obavami a d\u016fv\u011b\u0159ovaly v to, \u017ee sv\u011bt m\u016f\u017ee b\u00fdt bezpe\u010dn\u00e9 m\u00edsto.<\/p>\n<p><strong>Infografika ke sta\u017een\u00ed a tisku <a href=\"https:\/\/drive.google.com\/file\/d\/1WOQnctTltaysqAXtTResZxHqTD5EWoMa\/view?usp=sharing\"><span style=\"color: #008000\">ZDE.<\/span><\/a><\/strong><\/p>\n","protected":false},"excerpt":{"rendered":"<p>Centrum Locika nab\u00edz\u00ed metodickou podporu, jak mluvit s d\u011btmi o v\u00e1lce: Centrum LOCIKA pom\u00e1h\u00e1 d\u011btem, kter\u00e9 za\u017e\u00edvaj\u00ed n\u00e1sil\u00ed v rodin\u011b, a\u0165 u\u017e jako p\u0159\u00edm\u00e9 ob\u011bti nebo sv\u011btci. Je bolestn\u011b t\u011b\u017ek\u00e9&#8230; <\/p>\n","protected":false},"author":465,"featured_media":2590,"comment_status":"closed","ping_status":"closed","sticky":false,"template":"","format":"standard","meta":{"footnotes":""},"categories":[4626],"tags":[],"class_list":["post-2640","post","type-post","status-publish","format-standard","has-post-thumbnail","hentry","category-aktuality"],"_links":{"self":[{"href":"https:\/\/pages.pedf.cuni.cz\/ksppg\/wp-json\/wp\/v2\/posts\/2640","targetHints":{"allow":["GET"]}}],"collection":[{"href":"https:\/\/pages.pedf.cuni.cz\/ksppg\/wp-json\/wp\/v2\/posts"}],"about":[{"href":"https:\/\/pages.pedf.cuni.cz\/ksppg\/wp-json\/wp\/v2\/types\/post"}],"author":[{"embeddable":true,"href":"https:\/\/pages.pedf.cuni.cz\/ksppg\/wp-json\/wp\/v2\/users\/465"}],"replies":[{"embeddable":true,"href":"https:\/\/pages.pedf.cuni.cz\/ksppg\/wp-json\/wp\/v2\/comments?post=2640"}],"version-history":[{"count":2,"href":"https:\/\/pages.pedf.cuni.cz\/ksppg\/wp-json\/wp\/v2\/posts\/2640\/revisions"}],"predecessor-version":[{"id":2651,"href":"https:\/\/pages.pedf.cuni.cz\/ksppg\/wp-json\/wp\/v2\/posts\/2640\/revisions\/2651"}],"wp:featuredmedia":[{"embeddable":true,"href":"https:\/\/pages.pedf.cuni.cz\/ksppg\/wp-json\/wp\/v2\/media\/2590"}],"wp:attachment":[{"href":"https:\/\/pages.pedf.cuni.cz\/ksppg\/wp-json\/wp\/v2\/media?parent=2640"}],"wp:term":[{"taxonomy":"category","embeddable":true,"href":"https:\/\/pages.pedf.cuni.cz\/ksppg\/wp-json\/wp\/v2\/categories?post=2640"},{"taxonomy":"post_tag","embeddable":true,"href":"https:\/\/pages.pedf.cuni.cz\/ksppg\/wp-json\/wp\/v2\/tags?post=2640"}],"curies":[{"name":"wp","href":"https:\/\/api.w.org\/{rel}","templated":true}]}}