{"id":2649,"date":"2022-04-11T13:29:21","date_gmt":"2022-04-11T11:29:21","guid":{"rendered":"https:\/\/pages.pedf.cuni.cz\/ksppg\/?p=2649"},"modified":"2022-04-11T13:30:07","modified_gmt":"2022-04-11T11:30:07","slug":"2649","status":"publish","type":"post","link":"https:\/\/pages.pedf.cuni.cz\/ksppg\/archives\/2649","title":{"rendered":"Okam\u017eik"},"content":{"rendered":"<p>V\u00e1\u017een\u00e9 studentky a studenti,<\/p>\n<p><strong>dovolujeme si V\u00e1s pozvat na druhou p\u0159edn\u00e1\u0161ku z cyklu 3+1 s Emilem na t\u00e9ma<\/strong> <strong>rodi\u010de se zrakov\u00fdm posti\u017een\u00edm<\/strong>.<\/p>\n<p><strong>P\u0159edn\u00e1\u0161ka se uskute\u010dn\u00ed 6.4.2022 od 17:00 na Pedagogick\u00e9 fakult\u011b UK v m\u00edstnosti R209.<\/strong><\/p>\n<p>Na tuto akci jsou pozv\u00e1ni tak\u00e9 odborn\u00edci z organizace <span style=\"color: #008000\"><span style=\"color: #339966\"><strong><a style=\"color: #339966\" href=\"https:\/\/www.okamzik.cz\/\">Okam\u017eik<\/a><\/strong><\/span>.<\/span><\/p>\n<p>T\u011b\u0161\u00edme se na setk\u00e1n\u00ed s V\u00e1mi.<\/p>\n","protected":false},"excerpt":{"rendered":"<p>V\u00e1\u017een\u00e9 studentky a studenti, dovolujeme si V\u00e1s pozvat na druhou p\u0159edn\u00e1\u0161ku z cyklu 3+1 s Emilem na t\u00e9ma rodi\u010de se zrakov\u00fdm posti\u017een\u00edm. P\u0159edn\u00e1\u0161ka se uskute\u010dn\u00ed 6.4.2022 od 17:00 na Pedagogick\u00e9&#8230; <\/p>\n","protected":false},"author":465,"featured_media":2642,"comment_status":"closed","ping_status":"closed","sticky":false,"template":"","format":"standard","meta":{"footnotes":""},"categories":[4626],"tags":[],"class_list":["post-2649","post","type-post","status-publish","format-standard","has-post-thumbnail","hentry","category-aktuality"],"_links":{"self":[{"href":"https:\/\/pages.pedf.cuni.cz\/ksppg\/wp-json\/wp\/v2\/posts\/2649","targetHints":{"allow":["GET"]}}],"collection":[{"href":"https:\/\/pages.pedf.cuni.cz\/ksppg\/wp-json\/wp\/v2\/posts"}],"about":[{"href":"https:\/\/pages.pedf.cuni.cz\/ksppg\/wp-json\/wp\/v2\/types\/post"}],"author":[{"embeddable":true,"href":"https:\/\/pages.pedf.cuni.cz\/ksppg\/wp-json\/wp\/v2\/users\/465"}],"replies":[{"embeddable":true,"href":"https:\/\/pages.pedf.cuni.cz\/ksppg\/wp-json\/wp\/v2\/comments?post=2649"}],"version-history":[{"count":2,"href":"https:\/\/pages.pedf.cuni.cz\/ksppg\/wp-json\/wp\/v2\/posts\/2649\/revisions"}],"predecessor-version":[{"id":2652,"href":"https:\/\/pages.pedf.cuni.cz\/ksppg\/wp-json\/wp\/v2\/posts\/2649\/revisions\/2652"}],"wp:featuredmedia":[{"embeddable":true,"href":"https:\/\/pages.pedf.cuni.cz\/ksppg\/wp-json\/wp\/v2\/media\/2642"}],"wp:attachment":[{"href":"https:\/\/pages.pedf.cuni.cz\/ksppg\/wp-json\/wp\/v2\/media?parent=2649"}],"wp:term":[{"taxonomy":"category","embeddable":true,"href":"https:\/\/pages.pedf.cuni.cz\/ksppg\/wp-json\/wp\/v2\/categories?post=2649"},{"taxonomy":"post_tag","embeddable":true,"href":"https:\/\/pages.pedf.cuni.cz\/ksppg\/wp-json\/wp\/v2\/tags?post=2649"}],"curies":[{"name":"wp","href":"https:\/\/api.w.org\/{rel}","templated":true}]}}