{"id":2655,"date":"2022-04-19T11:12:00","date_gmt":"2022-04-19T09:12:00","guid":{"rendered":"https:\/\/pages.pedf.cuni.cz\/ksppg\/?p=2655"},"modified":"2022-05-19T12:53:18","modified_gmt":"2022-05-19T10:53:18","slug":"2655","status":"publish","type":"post","link":"https:\/\/pages.pedf.cuni.cz\/ksppg\/archives\/2655","title":{"rendered":"Noc vzd\u011bl\u00e1v\u00e1n\u00ed"},"content":{"rendered":"<p>V\u00e1\u017een\u00e9 studentky a studenti,<\/p>\n<p>dovolujeme si V\u00e1s pozvat na <a href=\"https:\/\/nocvzdelavani.cz\/?fbclid=IwAR0AL9F7HSZ26kt1xsYt5RKMQ5D9xSVTqoQQWtBWip61PVnt8ybuGpRmzkM\"><strong><span style=\"color: #008000\">Noc vzd\u011bl\u00e1v\u00e1n\u00ed na PedF UK<\/span><\/strong><\/a>, kter\u00e1 nab\u00edz\u00ed kurzy, workshopy a semin\u00e1\u0159e na r\u016fzn\u00e1 t\u00e9mata.<\/p>\n<p><strong>KDY: 13. dubna 2022 v 17:00-23:30<\/strong><br \/>\n<strong>KDE: PedF &#8211; AULA, Velk\u00fd s\u00e1l, R209, R112, R016, R010b, R124<\/strong><\/p>\n<p><strong>PROGRAM &#8211; <span style=\"color: #008000\"><a style=\"color: #008000\" href=\"https:\/\/www.facebook.com\/events\/1759743904417461\/?active_tab=discussion\">zde<\/a><\/span><br \/>\n<\/strong><\/p>\n<p align=\"left\">No\u010dn\u00ed maraton nabit\u00fd u\u010ditelskou inspirac\u00ed se bl\u00ed\u017e\u00ed. U\u017e 13. dubna se nap\u0159\u00ed\u010d pedagogick\u00fdmi fakultami uskute\u010dn\u00ed Noc vzd\u011bl\u00e1v\u00e1n\u00ed, kterou po\u0159\u00e1d\u00e1 hnut\u00ed Otev\u0159eno.<\/p>\n<p align=\"left\">Noc vzd\u011bl\u00e1v\u00e1n\u00ed je ud\u00e1lost z d\u00edlny hnut\u00ed <span style=\"color: #008000\"><strong><a style=\"color: #008000\" href=\"https:\/\/otevreno.org\/\">Otev\u0159eno<\/a><\/strong>.<\/span> Ta sdru\u017euje studenty a u\u010ditele na pedagogick\u00fdch fakult\u00e1ch a jejich pozn\u00e1vac\u00ed znamen\u00ed je docela jednoduch\u00e9: spole\u010dn\u011b volaj\u00ed po zm\u011bn\u011b. Usiluj\u00ed o inovace ve vysoko\u0161kolsk\u00e9 p\u0159\u00edprav\u011b u\u010ditel\u016f a v\u011b\u0159\u00ed, \u017ee prom\u011bna \u010desk\u00e9ho vzd\u011bl\u00e1v\u00e1n\u00ed jako syst\u00e9mu za\u010d\u00edn\u00e1 pr\u00e1v\u011b ve t\u0159\u00edd\u00e1ch na jednotliv\u00fdch pedagogick\u00fdch fakult\u00e1ch. Spolupracuj\u00ed s akademiky a podporuj\u00ed je v nov\u00e1torsk\u00e9m p\u0159\u00edstupu. Pro samotn\u00e9 budouc\u00ed u\u010ditele, kter\u00fdm mnohdy chyb\u00ed inspirace z praxe, po\u0159\u00e1d\u00e1 Otev\u0159eno debaty a edukativn\u00ed akce. Noc vzd\u011bl\u00e1v\u00e1n\u00ed je jednou z nich a v\u0161ichni se m\u00e1me na co t\u011b\u0161it.<\/p>\n","protected":false},"excerpt":{"rendered":"<p>V\u00e1\u017een\u00e9 studentky a studenti, dovolujeme si V\u00e1s pozvat na Noc vzd\u011bl\u00e1v\u00e1n\u00ed na PedF UK, kter\u00e1 nab\u00edz\u00ed kurzy, workshopy a semin\u00e1\u0159e na r\u016fzn\u00e1 t\u00e9mata. KDY: 13. dubna 2022 v 17:00-23:30 KDE:&#8230; <\/p>\n","protected":false},"author":465,"featured_media":2654,"comment_status":"closed","ping_status":"closed","sticky":false,"template":"","format":"standard","meta":{"footnotes":""},"categories":[4626],"tags":[],"class_list":["post-2655","post","type-post","status-publish","format-standard","has-post-thumbnail","hentry","category-aktuality"],"_links":{"self":[{"href":"https:\/\/pages.pedf.cuni.cz\/ksppg\/wp-json\/wp\/v2\/posts\/2655","targetHints":{"allow":["GET"]}}],"collection":[{"href":"https:\/\/pages.pedf.cuni.cz\/ksppg\/wp-json\/wp\/v2\/posts"}],"about":[{"href":"https:\/\/pages.pedf.cuni.cz\/ksppg\/wp-json\/wp\/v2\/types\/post"}],"author":[{"embeddable":true,"href":"https:\/\/pages.pedf.cuni.cz\/ksppg\/wp-json\/wp\/v2\/users\/465"}],"replies":[{"embeddable":true,"href":"https:\/\/pages.pedf.cuni.cz\/ksppg\/wp-json\/wp\/v2\/comments?post=2655"}],"version-history":[{"count":2,"href":"https:\/\/pages.pedf.cuni.cz\/ksppg\/wp-json\/wp\/v2\/posts\/2655\/revisions"}],"predecessor-version":[{"id":2726,"href":"https:\/\/pages.pedf.cuni.cz\/ksppg\/wp-json\/wp\/v2\/posts\/2655\/revisions\/2726"}],"wp:featuredmedia":[{"embeddable":true,"href":"https:\/\/pages.pedf.cuni.cz\/ksppg\/wp-json\/wp\/v2\/media\/2654"}],"wp:attachment":[{"href":"https:\/\/pages.pedf.cuni.cz\/ksppg\/wp-json\/wp\/v2\/media?parent=2655"}],"wp:term":[{"taxonomy":"category","embeddable":true,"href":"https:\/\/pages.pedf.cuni.cz\/ksppg\/wp-json\/wp\/v2\/categories?post=2655"},{"taxonomy":"post_tag","embeddable":true,"href":"https:\/\/pages.pedf.cuni.cz\/ksppg\/wp-json\/wp\/v2\/tags?post=2655"}],"curies":[{"name":"wp","href":"https:\/\/api.w.org\/{rel}","templated":true}]}}