{"id":2702,"date":"2022-05-10T09:44:44","date_gmt":"2022-05-10T07:44:44","guid":{"rendered":"https:\/\/pages.pedf.cuni.cz\/ksppg\/?p=2702"},"modified":"2022-05-10T09:45:10","modified_gmt":"2022-05-10T07:45:10","slug":"2702","status":"publish","type":"post","link":"https:\/\/pages.pedf.cuni.cz\/ksppg\/archives\/2702","title":{"rendered":"Nov\u00e9 technologie"},"content":{"rendered":"<p><strong>Jak do hodin za\u010dlenit um\u011blou inteligenci a dal\u0161\u00ed nov\u00e9 technologie?<br \/>\n<\/strong><\/p>\n<p>V\u00e1\u017een\u00e9 studentky, V\u00e1\u017een\u00ed studenti, ve st\u0159edu 11. kv\u011btna 2022 V\u00e1s zveme na konferenci <strong>Vyu\u017eit\u00ed nov\u00fdch technologi\u00ed ve vzd\u011bl\u00e1v\u00e1n\u00ed a podnik\u00e1n\u00ed<\/strong>.<\/p>\n<p class=\"topText textLarge\"><strong>Kdy: 11.5.2022<\/strong><br \/>\n<strong>Kde: Hala 40, <a class=\"text-gray-800\" href=\"https:\/\/goo.gl\/maps\/gBDYsnAnRpScEEC27\" target=\"_blank\" rel=\"noopener noreferrer\"><span style=\"color: #008000\">Pra\u017esk\u00e1 tr\u017enice, Bubensk\u00e9 n\u00e1b\u0159e\u017e\u00ed 306\/13, Praha 7 &#8211; Hole\u0161ovice<\/span><\/a><\/strong><br \/>\n<strong>Registrace <a href=\"https:\/\/docs.google.com\/forms\/d\/e\/1FAIpQLSd3dOmvaChHCvt5BEN7h8KNkHbJthIYlQhCNu7Hd6TlYdZPdQ\/viewform\"><span style=\"color: #008000\">zde<\/span><\/a><\/strong><br \/>\n<strong>Pozv\u00e1nka na konferenci <a href=\"https:\/\/pages.pedf.cuni.cz\/ksppg\/files\/2022\/05\/Pozva\u0301nka-konference-Vyuz\u030citi\u0301-novy\u0301ch-technologii\u0301-ve-vzde\u030cla\u0301va\u0301ni\u0301-11.05.2022.pdf\"><span style=\"color: #008000\">zde<\/span><\/a><\/strong><\/p>\n<p>Chcete se dozv\u011bd\u011bt, co je to digit\u00e1ln\u00ed filosof a digit\u00e1ln\u00ed\u00a0spisovatel? Jak\u00fdm trikem se m\u016f\u017ee poda\u0159it p\u0159im\u011bt zleniv\u011bl\u00e9 studenty \u010d\u00edst op\u011bt knihy? Zaj\u00edm\u00e1 v\u00e1s, zda je mo\u017en\u00e9 pou\u017e\u00edt um\u011blou inteligenci t\u0159eba p\u0159i v\u00fduce o ob\u010dansk\u00e9 nauky? A jak m\u016f\u017ee vypadat\u00a0vzd\u011bl\u00e1v\u00e1n\u00ed v bl\u00edzk\u00e9 budoucnosti? V\u0161echny tyto ot\u00e1zky probereme.<\/p>\n<ul>\n<li><strong>Dita Male\u010dkov\u00e1<\/strong>\u00a0bude pov\u00eddat o digit\u00e1ln\u00edm filozofovi a spisovateli i o tom, jak se AI za\u010dlenila do v\u00fduky nap\u0159\u00edklad na Filozofick\u00e9 fakult\u011b i dal\u0161\u00edch \u0161kol\u00e1ch a co to p\u0159ineslo dobr\u00e9ho.<\/li>\n<li><strong>Alena Resl<\/strong>\u00a0pov\u00ed n\u011bco o <a href=\"https:\/\/www.kas.de\/cs\/web\/tschechien\"><span style=\"color: #008000\">Konrad-Adenauer-Stiftung<\/span><\/a> a Odpov\u011bdn\u00e9m ob\u010danstv\u00ed\u00a0o tom, jak se neb\u00e1li investovat do inovac\u00ed a iniciovat vznik DigiHavla i jak dopadl pilot na Z\u0160.<\/li>\n<li><strong>Honza Tyl, <\/strong>autor Matyldy i dal\u0161\u00edch AI \u0159e\u0161en\u00ed, v\u00e1m umo\u017en\u00ed\u00a0popov\u00eddat si s DigiHavlem\u00a0p\u0159\u00edpadn\u011b dal\u0161\u00ed AI osobnost\u00ed; uk\u00e1\u017ee v\u00e1m jak\u00e1 &#8220;AI magie&#8221; to cel\u00e9 poh\u00e1n\u00ed a p\u0159edstav\u00ed vizi, jak by mohlo vypadat \u010desk\u00e9 \u0161kolstv\u00ed pos\u00edlen\u00e9 um\u011blou inteligenc\u00ed.<\/li>\n<\/ul>\n<p>Na p\u0159\u00edsp\u011bvky host\u016f nav\u00e1\u017e\u00ed praktick\u00e9 workshopy, na nich\u017e si n\u011bkter\u00e9 z\u00e1zra\u010dn\u00e9 technologie budete moci vyzkou\u0161et na vlastn\u00ed k\u016f\u017ei. Nap\u0159\u00edklad mo\u017enost IA workshopu: p\u0159ij\u010fte si popov\u00eddat s DigiHavlem.<\/p>\n","protected":false},"excerpt":{"rendered":"<p>Jak do hodin za\u010dlenit um\u011blou inteligenci a dal\u0161\u00ed nov\u00e9 technologie? V\u00e1\u017een\u00e9 studentky, V\u00e1\u017een\u00ed studenti, ve st\u0159edu 11. kv\u011btna 2022 V\u00e1s zveme na konferenci Vyu\u017eit\u00ed nov\u00fdch technologi\u00ed ve vzd\u011bl\u00e1v\u00e1n\u00ed a podnik\u00e1n\u00ed&#8230;. <\/p>\n","protected":false},"author":465,"featured_media":2681,"comment_status":"closed","ping_status":"closed","sticky":false,"template":"","format":"standard","meta":{"footnotes":""},"categories":[4626],"tags":[],"class_list":["post-2702","post","type-post","status-publish","format-standard","has-post-thumbnail","hentry","category-aktuality"],"_links":{"self":[{"href":"https:\/\/pages.pedf.cuni.cz\/ksppg\/wp-json\/wp\/v2\/posts\/2702","targetHints":{"allow":["GET"]}}],"collection":[{"href":"https:\/\/pages.pedf.cuni.cz\/ksppg\/wp-json\/wp\/v2\/posts"}],"about":[{"href":"https:\/\/pages.pedf.cuni.cz\/ksppg\/wp-json\/wp\/v2\/types\/post"}],"author":[{"embeddable":true,"href":"https:\/\/pages.pedf.cuni.cz\/ksppg\/wp-json\/wp\/v2\/users\/465"}],"replies":[{"embeddable":true,"href":"https:\/\/pages.pedf.cuni.cz\/ksppg\/wp-json\/wp\/v2\/comments?post=2702"}],"version-history":[{"count":2,"href":"https:\/\/pages.pedf.cuni.cz\/ksppg\/wp-json\/wp\/v2\/posts\/2702\/revisions"}],"predecessor-version":[{"id":2704,"href":"https:\/\/pages.pedf.cuni.cz\/ksppg\/wp-json\/wp\/v2\/posts\/2702\/revisions\/2704"}],"wp:featuredmedia":[{"embeddable":true,"href":"https:\/\/pages.pedf.cuni.cz\/ksppg\/wp-json\/wp\/v2\/media\/2681"}],"wp:attachment":[{"href":"https:\/\/pages.pedf.cuni.cz\/ksppg\/wp-json\/wp\/v2\/media?parent=2702"}],"wp:term":[{"taxonomy":"category","embeddable":true,"href":"https:\/\/pages.pedf.cuni.cz\/ksppg\/wp-json\/wp\/v2\/categories?post=2702"},{"taxonomy":"post_tag","embeddable":true,"href":"https:\/\/pages.pedf.cuni.cz\/ksppg\/wp-json\/wp\/v2\/tags?post=2702"}],"curies":[{"name":"wp","href":"https:\/\/api.w.org\/{rel}","templated":true}]}}