{"id":2717,"date":"2022-05-17T10:11:42","date_gmt":"2022-05-17T08:11:42","guid":{"rendered":"https:\/\/pages.pedf.cuni.cz\/ksppg\/?p=2717"},"modified":"2022-05-17T10:11:42","modified_gmt":"2022-05-17T08:11:42","slug":"chci-doucovat","status":"publish","type":"post","link":"https:\/\/pages.pedf.cuni.cz\/ksppg\/archives\/2717","title":{"rendered":"Chci dou\u010dovat"},"content":{"rendered":"<p><strong>Iniciativa Chci dou\u010dovat\/Fakulty dou\u010duj\u00ed vznikla z podn\u011btu organizace \u010clov\u011bk v t\u00edsni, jsou do n\u00ed zapojen\u00e9 v\u0161echny pedagogick\u00e9 i n\u011bkter\u00e9 nepedagogick\u00e9 fakulty, SO\u0160, VO\u0160 Jabok a N\u00e1rodn\u00ed pedagogick\u00fd institut.<\/strong><\/p>\n<p><strong>C\u00edlem iniciativy <\/strong>je pomoci d\u011btem, kter\u00e9 s obt\u00ed\u017eemi zvl\u00e1daj\u00ed u\u010den\u00ed, a\u0165 ji\u017e vzhledem k dlouhodob\u00e9 distan\u010dn\u00ed v\u00fduce v minul\u00e9m \u0161koln\u00edm roce, sou\u010dasn\u00fdm v\u00fdpadk\u016fm ve v\u00fduce nebo z jin\u00fdch d\u016fvod\u016f.\u00a0 T\u00edm, \u017ee se zapoj\u00edte do dou\u010dov\u00e1n\u00ed, pom\u016f\u017eete \u0161kol\u00e1m, \u017e\u00e1k\u016fm i jejich rodi\u010d\u016fm a z\u00e1rove\u0148 pozn\u00e1te \u0161koln\u00ed praxi d\u0159\u00edve a z jin\u00e9 strany. V r\u00e1mci dou\u010dov\u00e1n\u00ed se budete pravideln\u011b setk\u00e1vat s jedn\u00edm \u017e\u00e1kem nebo skupinou \u017e\u00e1k\u016f a nav\u00e1\u017eete bli\u017e\u0161\u00ed, m\u00e9n\u011b form\u00e1ln\u00ed kontakt. Vyzkou\u0161\u00edte si vlastn\u00ed strategie, jak d\u011bti motivovat a jak s nimi pracovat. Pom\u016f\u017ee v\u00e1m to i l\u00e9pe pochopit p\u0159\u00ed\u010diny tzv. probl\u00e9mov\u00e9ho chov\u00e1n\u00ed. Sezn\u00e1m\u00edte se s prost\u0159ed\u00edm \u0161koly a mo\u017en\u00e1 si zde v dal\u0161\u00edch letech domluv\u00edte brig\u00e1du, pedagogickou praxi nebo se sem vr\u00e1t\u00edte u\u017e jako za\u010d\u00ednaj\u00edc\u00ed u\u010ditel.<\/p>\n<p><strong>Konkr\u00e9tn\u00ed informace<\/strong> v\u010detn\u011b postupu, jak si naj\u00edt \u201csv\u00e9ho\u201d \u017e\u00e1ka k dou\u010dov\u00e1n\u00ed, naleznete v jednotliv\u00fdch z\u00e1lo\u017ek\u00e1ch (podle oboru). Pokud m\u00e1te n\u011bjak\u00e9 dotazy, nejasnosti nebo pochybnosti, obra\u0165te se pros\u00edm na n\u00e1s, nejl\u00e9pe emailem: <strong>praxe@pedf.cuni.cz<\/strong>.<\/p>\n<p><strong>N\u00e1vod na registraci do syst\u00e9mu dou\u010dov\u00e1n\u00ed:<\/strong> <a href=\"https:\/\/pages.pedf.cuni.cz\/praxe\/files\/2021\/09\/navod-na-registraci-doucovani.docx\"><span style=\"color: #008000\">n\u00e1vod na registraci dou\u010dov\u00e1n\u00ed<\/span><\/a><\/p>\n<p><strong>Metodick\u00e1 podpora pro dou\u010dov\u00e1n\u00ed: <\/strong><a href=\"https:\/\/www.doucujte.cz\/\"><span style=\"color: #008000\">https:\/\/www.doucujte.cz\/<\/span><\/a><\/p>\n","protected":false},"excerpt":{"rendered":"<p>Iniciativa Chci dou\u010dovat\/Fakulty dou\u010duj\u00ed vznikla z podn\u011btu organizace \u010clov\u011bk v t\u00edsni, jsou do n\u00ed zapojen\u00e9 v\u0161echny pedagogick\u00e9 i n\u011bkter\u00e9 nepedagogick\u00e9 fakulty, SO\u0160, VO\u0160 Jabok a N\u00e1rodn\u00ed pedagogick\u00fd institut. C\u00edlem iniciativy&#8230; <\/p>\n","protected":false},"author":465,"featured_media":2528,"comment_status":"closed","ping_status":"closed","sticky":false,"template":"","format":"standard","meta":{"footnotes":""},"categories":[4626],"tags":[],"class_list":["post-2717","post","type-post","status-publish","format-standard","has-post-thumbnail","hentry","category-aktuality"],"_links":{"self":[{"href":"https:\/\/pages.pedf.cuni.cz\/ksppg\/wp-json\/wp\/v2\/posts\/2717","targetHints":{"allow":["GET"]}}],"collection":[{"href":"https:\/\/pages.pedf.cuni.cz\/ksppg\/wp-json\/wp\/v2\/posts"}],"about":[{"href":"https:\/\/pages.pedf.cuni.cz\/ksppg\/wp-json\/wp\/v2\/types\/post"}],"author":[{"embeddable":true,"href":"https:\/\/pages.pedf.cuni.cz\/ksppg\/wp-json\/wp\/v2\/users\/465"}],"replies":[{"embeddable":true,"href":"https:\/\/pages.pedf.cuni.cz\/ksppg\/wp-json\/wp\/v2\/comments?post=2717"}],"version-history":[{"count":1,"href":"https:\/\/pages.pedf.cuni.cz\/ksppg\/wp-json\/wp\/v2\/posts\/2717\/revisions"}],"predecessor-version":[{"id":2718,"href":"https:\/\/pages.pedf.cuni.cz\/ksppg\/wp-json\/wp\/v2\/posts\/2717\/revisions\/2718"}],"wp:featuredmedia":[{"embeddable":true,"href":"https:\/\/pages.pedf.cuni.cz\/ksppg\/wp-json\/wp\/v2\/media\/2528"}],"wp:attachment":[{"href":"https:\/\/pages.pedf.cuni.cz\/ksppg\/wp-json\/wp\/v2\/media?parent=2717"}],"wp:term":[{"taxonomy":"category","embeddable":true,"href":"https:\/\/pages.pedf.cuni.cz\/ksppg\/wp-json\/wp\/v2\/categories?post=2717"},{"taxonomy":"post_tag","embeddable":true,"href":"https:\/\/pages.pedf.cuni.cz\/ksppg\/wp-json\/wp\/v2\/tags?post=2717"}],"curies":[{"name":"wp","href":"https:\/\/api.w.org\/{rel}","templated":true}]}}