{"id":2741,"date":"2022-06-04T12:27:59","date_gmt":"2022-06-04T10:27:59","guid":{"rendered":"https:\/\/pages.pedf.cuni.cz\/ksppg\/?p=2741"},"modified":"2022-06-04T12:27:59","modified_gmt":"2022-06-04T10:27:59","slug":"seminar-empaticka-komunikace","status":"publish","type":"post","link":"https:\/\/pages.pedf.cuni.cz\/ksppg\/archives\/2741","title":{"rendered":"Semin\u00e1\u0159 Empatick\u00e1 komunikace"},"content":{"rendered":"<p>V\u00e1\u017een\u00e9 studentky, V\u00e1\u017een\u00ed studenti, ve st\u0159edu 11. kv\u011btna 2022 V\u00e1s zveme na <strong>semin\u00e1\u0159<\/strong> <strong>Empatick\u00e1 komunikace<\/strong>.<\/p>\n<p class=\"topText textLarge\"><strong>Kdy: 31. kv\u011btna 2022 od 10:00 &#8211; 14:30 (\u00fater\u00fd)<\/strong><br \/>\n<strong>Kde: Hala 40, Celetn\u00e1 20, Zelen\u00e1 posluch\u00e1rna (1. patro)<\/strong><br \/>\n<strong>Registrace: <a href=\"https:\/\/registrace.cuni.cz\/Account\/Login?ReturnUrl=%2FRegisterEvent%2F0d6c4e8b-2ad9-4cd7-a3f8-47d2665e4bc1\"><span style=\"color: #008000\">zde<\/span><\/a><\/strong><\/p>\n<p align=\"left\">C\u00edlem semin\u00e1\u0159e je popsat a nau\u010dit \u00fa\u010dastn\u00edky prakticky pou\u017e\u00edvat\u00a0<b>pravidla komunikace\u00a0<\/b>coby z\u00e1kladn\u00edho stavebn\u00edho kamene \u00fasp\u011b\u0161n\u00e9ho \u017eivota. Natr\u00e9nujeme techniky\u00a0<b>aktivn\u00edho naslouch\u00e1n\u00ed\u00a0<\/b>v\u010detn\u011b vhodn\u00e9ho zp\u016fsobu kladen\u00ed ot\u00e1zek. Objasn\u00edme si v\u00fdznam\u00a0<b>pozitivn\u00edch formulac\u00ed <\/b>a<b> <\/b>uk\u00e1\u017eeme si, jak moc jsou tyto &#8220;slovn\u00ed drobnosti&#8221; d\u016fle\u017eit\u00e9. Probereme\u00a0<b>typy komunika\u010dn\u011b obt\u00ed\u017en\u00fdch situac\u00edch<\/b>\u00a0a nacvi\u010d\u00edme vhodn\u00e9 n\u00e1stroje k jejich \u00fa\u010dinn\u00e9mu zvl\u00e1dnut\u00ed.<\/p>\n<p align=\"left\">Smyslem je nau\u010dit se spolu jednat tak, abychom m\u011bli dobr\u00fd pocit, nejen kdy\u017e spolu souhlas\u00edme, tak\u00e9 kdy\u017e m\u00e1me n\u00e1zory odli\u0161n\u00e9. A nez\u00e1le\u017e\u00ed na tom, jestli \u0159e\u0161\u00edme v\u011bci studijn\u00ed, pracovn\u00ed nebo osobn\u00ed (partnersk\u00e9).<\/p>\n<h2>Obsah semin\u00e1\u0159e:<\/h2>\n<ul>\n<li>Pravidla komunikace aneb V\u0161ichni komunikuj\u00ed, m\u00e1lokdo si rozum\u00ed<\/li>\n<li>Aktivn\u00ed naslouch\u00e1n\u00ed aneb Lep\u0161\u00ed je m\u00e9n\u011b mluvit a v\u00edc se pt\u00e1t<\/li>\n<li>Slova maj\u00ed velkou moc aneb Pro\u010d je pot\u0159eba pou\u017e\u00edvat pozitivn\u00ed a zdvo\u0159il\u00e9 formulace<\/li>\n<li>Zvl\u00e1d\u00e1n\u00ed komunika\u010dn\u011b obt\u00ed\u017en\u00fdch situac\u00ed aneb V hlavn\u00ed roli empatie<\/li>\n<\/ul>\n<p><strong>Po\u0159\u00e1d\u00e1: <\/strong><a href=\"https:\/\/ukpoint.cuni.cz\/IPSC-303.html?event=24013&amp;lang=CZ\"><strong><span style=\"color: #339966\"><span style=\"color: #008000\">UK Point<\/span><\/span><\/strong><\/a><\/p>\n","protected":false},"excerpt":{"rendered":"<p>V\u00e1\u017een\u00e9 studentky, V\u00e1\u017een\u00ed studenti, ve st\u0159edu 11. kv\u011btna 2022 V\u00e1s zveme na semin\u00e1\u0159 Empatick\u00e1 komunikace. Kdy: 31. kv\u011btna 2022 od 10:00 &#8211; 14:30 (\u00fater\u00fd) Kde: Hala 40, Celetn\u00e1 20, Zelen\u00e1&#8230; <\/p>\n","protected":false},"author":465,"featured_media":2705,"comment_status":"closed","ping_status":"closed","sticky":false,"template":"","format":"standard","meta":{"footnotes":""},"categories":[4626],"tags":[],"class_list":["post-2741","post","type-post","status-publish","format-standard","has-post-thumbnail","hentry","category-aktuality"],"_links":{"self":[{"href":"https:\/\/pages.pedf.cuni.cz\/ksppg\/wp-json\/wp\/v2\/posts\/2741","targetHints":{"allow":["GET"]}}],"collection":[{"href":"https:\/\/pages.pedf.cuni.cz\/ksppg\/wp-json\/wp\/v2\/posts"}],"about":[{"href":"https:\/\/pages.pedf.cuni.cz\/ksppg\/wp-json\/wp\/v2\/types\/post"}],"author":[{"embeddable":true,"href":"https:\/\/pages.pedf.cuni.cz\/ksppg\/wp-json\/wp\/v2\/users\/465"}],"replies":[{"embeddable":true,"href":"https:\/\/pages.pedf.cuni.cz\/ksppg\/wp-json\/wp\/v2\/comments?post=2741"}],"version-history":[{"count":1,"href":"https:\/\/pages.pedf.cuni.cz\/ksppg\/wp-json\/wp\/v2\/posts\/2741\/revisions"}],"predecessor-version":[{"id":2742,"href":"https:\/\/pages.pedf.cuni.cz\/ksppg\/wp-json\/wp\/v2\/posts\/2741\/revisions\/2742"}],"wp:featuredmedia":[{"embeddable":true,"href":"https:\/\/pages.pedf.cuni.cz\/ksppg\/wp-json\/wp\/v2\/media\/2705"}],"wp:attachment":[{"href":"https:\/\/pages.pedf.cuni.cz\/ksppg\/wp-json\/wp\/v2\/media?parent=2741"}],"wp:term":[{"taxonomy":"category","embeddable":true,"href":"https:\/\/pages.pedf.cuni.cz\/ksppg\/wp-json\/wp\/v2\/categories?post=2741"},{"taxonomy":"post_tag","embeddable":true,"href":"https:\/\/pages.pedf.cuni.cz\/ksppg\/wp-json\/wp\/v2\/tags?post=2741"}],"curies":[{"name":"wp","href":"https:\/\/api.w.org\/{rel}","templated":true}]}}