{"id":2764,"date":"2022-06-13T10:55:51","date_gmt":"2022-06-13T08:55:51","guid":{"rendered":"https:\/\/pages.pedf.cuni.cz\/ksppg\/?p=2764"},"modified":"2022-06-13T11:10:53","modified_gmt":"2022-06-13T09:10:53","slug":"2764","status":"publish","type":"post","link":"https:\/\/pages.pedf.cuni.cz\/ksppg\/archives\/2764","title":{"rendered":"Konference"},"content":{"rendered":"<p>V\u00e1\u017een\u00e9 studentky, v\u00e1\u017een\u00ed studenti, zveme V\u00e1s na <strong>konferenci Odli\u0161nost inspiruje III &#8211; m\u011bn\u00edme klima \u0161kol.<br \/>\n<\/strong><\/p>\n<div id=\"obsahClanku\" class=\"anotace mt-3\">\n<div id=\"anotaceClanku\"><strong>Na konferenci zazn\u00ed mimo jin\u00e9 tak\u00e9 t\u00e9ma:<\/strong> Nov\u00fd syst\u00e9m podpory \u017e\u00e1k\u016f s odli\u0161n\u00fdm mate\u0159sk\u00fdm jazykem.<\/div>\n<\/div>\n<div><\/div>\n<div id=\"obsahClanku\" class=\"anotace mt-3\">\n<div id=\"obsahClanku\" class=\"anotace mt-3\">\n<p><strong>Kdy:<\/strong> 4. \u010dervna 2022 (9:30 &#8211; 15:00)<br \/>\n<strong>M\u00edsto kon\u00e1n\u00ed:<\/strong> Konferen\u010dn\u00ed centrum Vavru\u0161ka &#8211; Karlovo n\u00e1m\u011bst\u00ed 317\/5, Praha 2<\/p>\n<p><strong>Registrace:<\/strong> <span id=\"page3R_mcid34\" class=\"markedContent\"><span dir=\"ltr\" role=\"presentation\">konference je p\u0159\u00edstupn\u00e1 zdarma po regis<\/span><span dir=\"ltr\" role=\"presentation\">traci na e<\/span><span dir=\"ltr\" role=\"presentation\">&#8211;<\/span><span dir=\"ltr\" role=\"presentation\">mailu: <\/span><\/span><a href=\"reditelka@osvetovabeseda.cz\"><span id=\"page3R_mcid35\" class=\"markedContent\"><span dir=\"ltr\" role=\"presentation\"><span style=\"color: #008000\">reditelka@osvetovabeseda.cz<\/span><\/span><\/span><\/a><\/p>\n<p>Pozv\u00e1nka na konferenci <strong><a href=\"https:\/\/pages.pedf.cuni.cz\/ksppg\/files\/2022\/05\/Program-konference.pdf\"><span style=\"color: #008000\">zde<\/span><\/a><\/strong><\/p>\n<p><em><span id=\"page3R_mcid39\" class=\"markedContent\"><span dir=\"ltr\" role=\"presentation\">Projekt Odli\u0161nost inspiruje III<\/span> <span dir=\"ltr\" role=\"presentation\">\u2013<\/span> <span dir=\"ltr\" role=\"presentation\">m\u011bn\u00edme klima \u0161kol, registra\u010dn\u00ed \u010d\u00edslo CZ.07.4.68\/0.0\/0.0\/19_068\/0001397, je<\/span><br role=\"presentation\" \/><span dir=\"ltr\" role=\"presentation\">spolufinancov\u00e1n Evropskou uni\u00ed<\/span><\/span><\/em><\/p>\n<\/div>\n<\/div>\n","protected":false},"excerpt":{"rendered":"<p>V\u00e1\u017een\u00e9 studentky, v\u00e1\u017een\u00ed studenti, zveme V\u00e1s na konferenci Odli\u0161nost inspiruje III &#8211; m\u011bn\u00edme klima \u0161kol. Na konferenci zazn\u00ed mimo jin\u00e9 tak\u00e9 t\u00e9ma: Nov\u00fd syst\u00e9m podpory \u017e\u00e1k\u016f s odli\u0161n\u00fdm mate\u0159sk\u00fdm jazykem&#8230;. <\/p>\n","protected":false},"author":465,"featured_media":2730,"comment_status":"closed","ping_status":"closed","sticky":false,"template":"","format":"standard","meta":{"footnotes":""},"categories":[4626],"tags":[],"class_list":["post-2764","post","type-post","status-publish","format-standard","has-post-thumbnail","hentry","category-aktuality"],"_links":{"self":[{"href":"https:\/\/pages.pedf.cuni.cz\/ksppg\/wp-json\/wp\/v2\/posts\/2764","targetHints":{"allow":["GET"]}}],"collection":[{"href":"https:\/\/pages.pedf.cuni.cz\/ksppg\/wp-json\/wp\/v2\/posts"}],"about":[{"href":"https:\/\/pages.pedf.cuni.cz\/ksppg\/wp-json\/wp\/v2\/types\/post"}],"author":[{"embeddable":true,"href":"https:\/\/pages.pedf.cuni.cz\/ksppg\/wp-json\/wp\/v2\/users\/465"}],"replies":[{"embeddable":true,"href":"https:\/\/pages.pedf.cuni.cz\/ksppg\/wp-json\/wp\/v2\/comments?post=2764"}],"version-history":[{"count":2,"href":"https:\/\/pages.pedf.cuni.cz\/ksppg\/wp-json\/wp\/v2\/posts\/2764\/revisions"}],"predecessor-version":[{"id":2780,"href":"https:\/\/pages.pedf.cuni.cz\/ksppg\/wp-json\/wp\/v2\/posts\/2764\/revisions\/2780"}],"wp:featuredmedia":[{"embeddable":true,"href":"https:\/\/pages.pedf.cuni.cz\/ksppg\/wp-json\/wp\/v2\/media\/2730"}],"wp:attachment":[{"href":"https:\/\/pages.pedf.cuni.cz\/ksppg\/wp-json\/wp\/v2\/media?parent=2764"}],"wp:term":[{"taxonomy":"category","embeddable":true,"href":"https:\/\/pages.pedf.cuni.cz\/ksppg\/wp-json\/wp\/v2\/categories?post=2764"},{"taxonomy":"post_tag","embeddable":true,"href":"https:\/\/pages.pedf.cuni.cz\/ksppg\/wp-json\/wp\/v2\/tags?post=2764"}],"curies":[{"name":"wp","href":"https:\/\/api.w.org\/{rel}","templated":true}]}}