{"id":2772,"date":"2022-06-13T11:04:02","date_gmt":"2022-06-13T09:04:02","guid":{"rendered":"https:\/\/pages.pedf.cuni.cz\/ksppg\/?p=2772"},"modified":"2022-06-13T11:04:02","modified_gmt":"2022-06-13T09:04:02","slug":"workshop","status":"publish","type":"post","link":"https:\/\/pages.pedf.cuni.cz\/ksppg\/archives\/2772","title":{"rendered":"Workshop"},"content":{"rendered":"<p>V\u00e1\u017een\u00e9 studentky, V\u00e1\u017een\u00ed studenti, ve st\u0159edu 8. \u010dervna 2022 V\u00e1s zveme na <span style=\"color: #008000\"><strong>workshop: Z lavice do akce! vol. 2.<\/strong><\/span><\/p>\n<p class=\"topText textLarge\"><strong>Kdy: 8. \u010dervna 2022 od 15:00 &#8211; 18:00 (st\u0159eda)<\/strong><br \/>\n<strong>Kde: Kampus Hybernsk\u00e1 (Hybernsk\u00e1 4, 110 00, Praha, <span class=\"text_exposed\" data-sigil=\"expose\">budova D, 2. patro<\/span>)<\/strong><br \/>\n<strong>Registrace: <a href=\"https:\/\/forms.office.com\/r\/UDiHNQzNYH\"><span style=\"color: #008000\">zde<\/span><\/a><\/strong><\/p>\n<p><span class=\"text_exposed\" data-sigil=\"expose\">C\u00edlem workshopu je<span class=\"text_exposed_show\"> zprost\u0159edkovat u\u010ditel\u016fm z\u00e1kladn\u00edch a st\u0159edn\u00edch \u0161kol a tak\u00e9 budouc\u00edm pedagog\u016fm p\u0159\u00edklady dobr\u00e9 praxe z oblasti v\u00fduky k PODNIKAVOSTI.<\/span><\/span><\/p>\n<p><strong>Co v\u00e1s na workshopu \u010dek\u00e1?<\/strong><br \/>\nJan Vesel\u00fd a Ond\u0159ej Mrkus p\u0159edstav\u00ed Rozje\u010f projekt, kter\u00fd vedou na Univerzit\u011b Karlov\u011b. Tento semestr\u00e1ln\u00ed kurz vede studenty p\u0159edev\u0161\u00edm k tomu, aby si pro\u0161li procesem \u201ep\u0159ekonat s\u00e1m sebe\u201c. Inspirace z toho kurzu je p\u0159enositeln\u00e1 do prost\u0159ed\u00ed Z\u0160 a S\u0160.<br \/>\nB\u011bhem tohoto sebezku\u0161enostn\u00edho workshopu Honza a Ondra p\u0159edstav\u00ed praktickou uk\u00e1zku z\u00e1\u017eitkov\u00e9 metody v\u00fduky, kter\u00e1 jim funguje b\u011bhem pr\u00e1ce se studenty tak, aby podporovali k rozvoji podnikav\u00e9ho absolventa.<\/p>\n<p><strong>Praktick\u00e1 cvi\u010den\u00ed workshopu:<\/strong><br \/>\nRychl\u00e9 seznamov\u00e1n\u00ed (Speed Dating) \u2013 Jak rychle a efektivn\u011b propojit studenty mezi sebou?<br \/>\nPracovn\u00ed skupina (Mastermind) \u2013 Jak vytvo\u0159it mezi studenty bezpe\u010dn\u00e9 prost\u0159ed\u00ed, b\u011bhem kter\u00e9ho se s d\u016fv\u011brou mohou vz\u00e1jemn\u011b podporovat, spole\u010dn\u011b pracovat na projektech a posouvat vp\u0159ed?<br \/>\nZp\u011btn\u00e1 vazba a sebereflexe &#8211; Jak by se m\u011bli studenti nau\u010dit reflektovat sami a jak jim podat zp\u011btnou vazbu?<\/p>\n<p><span class=\"text_exposed\" data-sigil=\"expose\"><span class=\"text_exposed_show\"><strong>Inova\u010dn\u00ed laborato\u0159 Univerzity Karlovy<\/strong> spad\u00e1 pod Centrum pro p\u0159enos poznatk\u016f Univerzity Karlovy. Inova\u010dn\u00ed laborato\u0159 za\u0161ti\u0165uje podaktivitu &#8220;Podnikavost&#8221; v r\u00e1mci projektu iKAP II, kter\u00fd spravuje Pedagogick\u00e1 fakulta Univerzity Karlovy.<\/span><\/span><\/p>\n<p><strong>iKAP II \u2013 Inovace ve vzd\u011bl\u00e1v\u00e1n\u00ed.<\/strong> Registra\u010dn\u00ed \u010d\u00edslo projektu: CZ.02.3.68\/0.0\/0.0\/19_078\/0021106<\/p>\n","protected":false},"excerpt":{"rendered":"<p>V\u00e1\u017een\u00e9 studentky, V\u00e1\u017een\u00ed studenti, ve st\u0159edu 8. \u010dervna 2022 V\u00e1s zveme na workshop: Z lavice do akce! vol. 2. Kdy: 8. \u010dervna 2022 od 15:00 &#8211; 18:00 (st\u0159eda) Kde: Kampus&#8230; <\/p>\n","protected":false},"author":465,"featured_media":2743,"comment_status":"closed","ping_status":"closed","sticky":false,"template":"","format":"standard","meta":{"footnotes":""},"categories":[4626],"tags":[],"class_list":["post-2772","post","type-post","status-publish","format-standard","has-post-thumbnail","hentry","category-aktuality"],"_links":{"self":[{"href":"https:\/\/pages.pedf.cuni.cz\/ksppg\/wp-json\/wp\/v2\/posts\/2772","targetHints":{"allow":["GET"]}}],"collection":[{"href":"https:\/\/pages.pedf.cuni.cz\/ksppg\/wp-json\/wp\/v2\/posts"}],"about":[{"href":"https:\/\/pages.pedf.cuni.cz\/ksppg\/wp-json\/wp\/v2\/types\/post"}],"author":[{"embeddable":true,"href":"https:\/\/pages.pedf.cuni.cz\/ksppg\/wp-json\/wp\/v2\/users\/465"}],"replies":[{"embeddable":true,"href":"https:\/\/pages.pedf.cuni.cz\/ksppg\/wp-json\/wp\/v2\/comments?post=2772"}],"version-history":[{"count":1,"href":"https:\/\/pages.pedf.cuni.cz\/ksppg\/wp-json\/wp\/v2\/posts\/2772\/revisions"}],"predecessor-version":[{"id":2773,"href":"https:\/\/pages.pedf.cuni.cz\/ksppg\/wp-json\/wp\/v2\/posts\/2772\/revisions\/2773"}],"wp:featuredmedia":[{"embeddable":true,"href":"https:\/\/pages.pedf.cuni.cz\/ksppg\/wp-json\/wp\/v2\/media\/2743"}],"wp:attachment":[{"href":"https:\/\/pages.pedf.cuni.cz\/ksppg\/wp-json\/wp\/v2\/media?parent=2772"}],"wp:term":[{"taxonomy":"category","embeddable":true,"href":"https:\/\/pages.pedf.cuni.cz\/ksppg\/wp-json\/wp\/v2\/categories?post=2772"},{"taxonomy":"post_tag","embeddable":true,"href":"https:\/\/pages.pedf.cuni.cz\/ksppg\/wp-json\/wp\/v2\/tags?post=2772"}],"curies":[{"name":"wp","href":"https:\/\/api.w.org\/{rel}","templated":true}]}}