{"id":3571,"date":"2024-05-30T23:57:41","date_gmt":"2024-05-30T21:57:41","guid":{"rendered":"https:\/\/pages.pedf.cuni.cz\/ksppg\/?p=3571"},"modified":"2024-05-30T23:57:41","modified_gmt":"2024-05-30T21:57:41","slug":"vyzkumna-zprava","status":"publish","type":"post","link":"https:\/\/pages.pedf.cuni.cz\/ksppg\/archives\/3571","title":{"rendered":"V\u00fdzkumn\u00e1 zpr\u00e1va"},"content":{"rendered":"<p>V\u00e1\u017een\u00e9 studentky, v\u00e1\u017een\u00ed studenti,<\/p>\n<p><strong>dovolujeme si p\u0159edstavit v\u00fdzkumnou zpr\u00e1vu doc. Zby\u0148ka N\u011bmce z na\u0161\u00ed katedry speci\u00e1ln\u00ed pedagogiky, kter\u00e1 je zam\u011b\u0159ena na dostupnost a v\u00fdznam podp\u016frn\u00fdch pozic (p\u0159edev\u0161\u00edm speci\u00e1ln\u00edch pedagog\u016f) v b\u011b\u017en\u00fdch z\u00e1kladn\u00edch \u0161kol\u00e1ch.<\/strong><\/p>\n<p><strong>Celou zpr\u00e1vu si m\u016f\u017eete p\u0159e\u010d\u00edst <\/strong><span style=\"color: #008000\"><strong><a style=\"color: #008000\" href=\"https:\/\/pages.pedf.cuni.cz\/ksppg\/files\/2024\/04\/Dostupnost-a-vyznam-podpurnych-pozic-v-ZS-vyzkumna-zprava-1.pdf\">zde: Dostupnost a v\u00fdznam podp\u016frn\u00fdch pozic v Z\u0160 &#8211; v\u00fdzkumn\u00e1 zpr\u00e1va<\/a><\/strong><\/span><\/p>\n<p>Do \u0161et\u0159en\u00ed se zapojilo celkem 671 \u0159editelek a \u0159editel\u016f b\u011b\u017en\u00fdch z\u00e1kladn\u00edch \u0161kol v obdob\u00ed od listopadu 2023 do \u00fanora 2024 a zpr\u00e1va p\u0159in\u00e1\u0161\u00ed velmi zaj\u00edmav\u00e9 v\u00fdsledky t\u00fdkaj\u00edc\u00ed se zastoupen\u00ed \u0161koln\u00edch speci\u00e1ln\u00edch pedagog\u016f a \u0161koln\u00edch psycholog\u016f na b\u011b\u017en\u00fdch z\u00e1kladn\u00edch \u0161kol\u00e1ch. <strong>V\u00fdzkum celkov\u011b ukazuje na nutnost d\u00e1le posilovat \u00favazky \u0161koln\u00edch speci\u00e1ln\u00edch pedagog\u016f na b\u011b\u017en\u00fdch Z\u0160.<\/strong><\/p>\n<p>&nbsp;<\/p>\n","protected":false},"excerpt":{"rendered":"<p>V\u00e1\u017een\u00e9 studentky, v\u00e1\u017een\u00ed studenti, dovolujeme si p\u0159edstavit v\u00fdzkumnou zpr\u00e1vu doc. Zby\u0148ka N\u011bmce z na\u0161\u00ed katedry speci\u00e1ln\u00ed pedagogiky, kter\u00e1 je zam\u011b\u0159ena na dostupnost a v\u00fdznam podp\u016frn\u00fdch pozic (p\u0159edev\u0161\u00edm speci\u00e1ln\u00edch pedagog\u016f) v&#8230; <\/p>\n","protected":false},"author":465,"featured_media":3528,"comment_status":"closed","ping_status":"closed","sticky":false,"template":"","format":"standard","meta":{"footnotes":""},"categories":[4626],"tags":[],"class_list":["post-3571","post","type-post","status-publish","format-standard","has-post-thumbnail","hentry","category-aktuality"],"_links":{"self":[{"href":"https:\/\/pages.pedf.cuni.cz\/ksppg\/wp-json\/wp\/v2\/posts\/3571","targetHints":{"allow":["GET"]}}],"collection":[{"href":"https:\/\/pages.pedf.cuni.cz\/ksppg\/wp-json\/wp\/v2\/posts"}],"about":[{"href":"https:\/\/pages.pedf.cuni.cz\/ksppg\/wp-json\/wp\/v2\/types\/post"}],"author":[{"embeddable":true,"href":"https:\/\/pages.pedf.cuni.cz\/ksppg\/wp-json\/wp\/v2\/users\/465"}],"replies":[{"embeddable":true,"href":"https:\/\/pages.pedf.cuni.cz\/ksppg\/wp-json\/wp\/v2\/comments?post=3571"}],"version-history":[{"count":1,"href":"https:\/\/pages.pedf.cuni.cz\/ksppg\/wp-json\/wp\/v2\/posts\/3571\/revisions"}],"predecessor-version":[{"id":3572,"href":"https:\/\/pages.pedf.cuni.cz\/ksppg\/wp-json\/wp\/v2\/posts\/3571\/revisions\/3572"}],"wp:featuredmedia":[{"embeddable":true,"href":"https:\/\/pages.pedf.cuni.cz\/ksppg\/wp-json\/wp\/v2\/media\/3528"}],"wp:attachment":[{"href":"https:\/\/pages.pedf.cuni.cz\/ksppg\/wp-json\/wp\/v2\/media?parent=3571"}],"wp:term":[{"taxonomy":"category","embeddable":true,"href":"https:\/\/pages.pedf.cuni.cz\/ksppg\/wp-json\/wp\/v2\/categories?post=3571"},{"taxonomy":"post_tag","embeddable":true,"href":"https:\/\/pages.pedf.cuni.cz\/ksppg\/wp-json\/wp\/v2\/tags?post=3571"}],"curies":[{"name":"wp","href":"https:\/\/api.w.org\/{rel}","templated":true}]}}