{"id":3597,"date":"2024-06-26T09:49:39","date_gmt":"2024-06-26T07:49:39","guid":{"rendered":"https:\/\/pages.pedf.cuni.cz\/ksppg\/?p=3597"},"modified":"2024-06-26T09:49:39","modified_gmt":"2024-06-26T07:49:39","slug":"letni-piknik","status":"publish","type":"post","link":"https:\/\/pages.pedf.cuni.cz\/ksppg\/archives\/3597","title":{"rendered":"Letn\u00ed piknik"},"content":{"rendered":"<p align=\"left\">V\u00e1\u017een\u00e9 studentky, v\u00e1\u017een\u00ed studenti,<\/p>\n<p align=\"left\">jako ka\u017ed\u00fd rok se i letos bude konat <strong>Letn\u00ed piknik <\/strong>pro v\u0161echny studenty a pracovn\u00edky fakulty, kte\u0159\u00ed si cht\u011bj\u00ed na chv\u00edli odpo\u010dinout a zakon\u010dit semestr v okruhu sv\u00fdch spolupracovn\u00edk\u016f, spolu\u017e\u00e1k\u016f a kamar\u00e1d\u016f se spoustou j\u00eddla, pit\u00ed, za zvuku hudby a s mo\u017enost\u00ed r\u016fzn\u00fdch aktivit jako je fotb\u00e1lek, slacklina, deskov\u00e9 hry a dal\u0161\u00ed.<\/p>\n<p align=\"left\">V\u00edce o programu najdete na<strong> <a href=\"https:\/\/www.facebook.com\/events\/1105389597377249\" target=\"_blank\" rel=\"noopener\">facebookov\u00e9 ud\u00e1losti.<\/a><\/strong><\/p>\n<p align=\"left\"><strong>T\u011b\u0161\u00edme se na v\u00e1s 6. 6. ve 14:00 v Sadech Na Skalce na And\u011blu.<\/strong><\/p>\n","protected":false},"excerpt":{"rendered":"<p>V\u00e1\u017een\u00e9 studentky, v\u00e1\u017een\u00ed studenti, jako ka\u017ed\u00fd rok se i letos bude konat Letn\u00ed piknik pro v\u0161echny studenty a pracovn\u00edky fakulty, kte\u0159\u00ed si cht\u011bj\u00ed na chv\u00edli odpo\u010dinout a zakon\u010dit semestr v&#8230; <\/p>\n","protected":false},"author":465,"featured_media":3595,"comment_status":"closed","ping_status":"closed","sticky":false,"template":"","format":"standard","meta":{"footnotes":""},"categories":[4626],"tags":[],"class_list":["post-3597","post","type-post","status-publish","format-standard","has-post-thumbnail","hentry","category-aktuality"],"_links":{"self":[{"href":"https:\/\/pages.pedf.cuni.cz\/ksppg\/wp-json\/wp\/v2\/posts\/3597","targetHints":{"allow":["GET"]}}],"collection":[{"href":"https:\/\/pages.pedf.cuni.cz\/ksppg\/wp-json\/wp\/v2\/posts"}],"about":[{"href":"https:\/\/pages.pedf.cuni.cz\/ksppg\/wp-json\/wp\/v2\/types\/post"}],"author":[{"embeddable":true,"href":"https:\/\/pages.pedf.cuni.cz\/ksppg\/wp-json\/wp\/v2\/users\/465"}],"replies":[{"embeddable":true,"href":"https:\/\/pages.pedf.cuni.cz\/ksppg\/wp-json\/wp\/v2\/comments?post=3597"}],"version-history":[{"count":1,"href":"https:\/\/pages.pedf.cuni.cz\/ksppg\/wp-json\/wp\/v2\/posts\/3597\/revisions"}],"predecessor-version":[{"id":3598,"href":"https:\/\/pages.pedf.cuni.cz\/ksppg\/wp-json\/wp\/v2\/posts\/3597\/revisions\/3598"}],"wp:featuredmedia":[{"embeddable":true,"href":"https:\/\/pages.pedf.cuni.cz\/ksppg\/wp-json\/wp\/v2\/media\/3595"}],"wp:attachment":[{"href":"https:\/\/pages.pedf.cuni.cz\/ksppg\/wp-json\/wp\/v2\/media?parent=3597"}],"wp:term":[{"taxonomy":"category","embeddable":true,"href":"https:\/\/pages.pedf.cuni.cz\/ksppg\/wp-json\/wp\/v2\/categories?post=3597"},{"taxonomy":"post_tag","embeddable":true,"href":"https:\/\/pages.pedf.cuni.cz\/ksppg\/wp-json\/wp\/v2\/tags?post=3597"}],"curies":[{"name":"wp","href":"https:\/\/api.w.org\/{rel}","templated":true}]}}