{"id":3632,"date":"2024-09-04T00:00:18","date_gmt":"2024-09-03T22:00:18","guid":{"rendered":"https:\/\/pages.pedf.cuni.cz\/ksppg\/?p=3632"},"modified":"2024-09-04T00:00:18","modified_gmt":"2024-09-03T22:00:18","slug":"vecere-pro-prvaky","status":"publish","type":"post","link":"https:\/\/pages.pedf.cuni.cz\/ksppg\/archives\/3632","title":{"rendered":"Ve\u010dere pro prv\u00e1ky"},"content":{"rendered":"<div class=\"html-div xe8uvvx xdj266r x11i5rnm xat24cr x1mh8g0r xexx8yu x4uap5 x18d9i69 xkhd6sd\" dir=\"auto\">\n<div id=\":r7g:\" class=\"x1iorvi4 x1pi30zi x1l90r2v x1swvt13\" data-ad-comet-preview=\"message\" data-ad-preview=\"message\">\n<div class=\"x78zum5 xdt5ytf xz62fqu x16ldp7u\">\n<div class=\"xu06os2 x1ok221b\">\n<div class=\"xdj266r x11i5rnm xat24cr x1mh8g0r x1vvkbs x126k92a\">\n<div dir=\"auto\">\n<p>\ud83d\udce2 <strong>Pozv\u00e1nka na tradi\u010dn\u00ed ve\u010de\u0159i pro prv\u00e1ky<\/strong> \ud83d\udce2<\/p>\n<p>V\u00e1\u017een\u00e9 studentky a studenti,<\/p>\n<p>ve \u010dtvrtek 22. 8. 2024 od 18:00 se kon\u00e1 na\u0161e tradi\u010dn\u00ed ve\u010de\u0159e pro prvn\u00ed ro\u010dn\u00edky! Akci po\u0159\u00e1d\u00e1 Pedagogick\u00fd <strong><a href=\"https:\/\/pedagogickyspolekemil.cz\/\">spolek Emil<\/a> <\/strong>v r\u00e1mci seznamovac\u00edho kurzu pro studijn\u00ed programy:<\/p>\n<p>\ud83c\udf93 Speci\u00e1ln\u00ed pedagogika<br \/>\n\ud83d\udd0a Logopedie<br \/>\n\ud83c\udf4e U\u010ditelstv\u00ed pro 1. stupe\u0148 Z\u0160<br \/>\n\ud83d\udc76 U\u010ditelstv\u00ed pro M\u0160<\/p>\n<p>Pokud se k n\u00e1m chcete p\u0159ipojit, odpov\u011bzte, pros\u00edme, na e-mail: <a rel=\"noreferrer\">dopisemilovi@gmail.com<\/a>, abychom v\u00e1m mohli poslat j\u00eddeln\u00ed l\u00edstek k v\u00fdb\u011bru ve\u010de\u0159e. \ud83d\udce7<\/p>\n<p>T\u011b\u0161\u00edme se na v\u00e1s a p\u0159ejeme kr\u00e1sn\u00e9 l\u00e9to! \ud83c\udf1e<\/p>\n<p>Za Pedagogick\u00fd spolek Emil,<br \/>\nDenisa \u0160andov\u00e1<\/p>\n<\/div>\n<\/div>\n<\/div>\n<\/div>\n<\/div>\n<\/div>\n","protected":false},"excerpt":{"rendered":"<p>\ud83d\udce2 Pozv\u00e1nka na tradi\u010dn\u00ed ve\u010de\u0159i pro prv\u00e1ky \ud83d\udce2 V\u00e1\u017een\u00e9 studentky a studenti, ve \u010dtvrtek 22. 8. 2024 od 18:00 se kon\u00e1 na\u0161e tradi\u010dn\u00ed ve\u010de\u0159e pro prvn\u00ed ro\u010dn\u00edky! Akci po\u0159\u00e1d\u00e1 Pedagogick\u00fd&#8230; <\/p>\n","protected":false},"author":465,"featured_media":3595,"comment_status":"closed","ping_status":"closed","sticky":false,"template":"","format":"standard","meta":{"footnotes":""},"categories":[4626],"tags":[],"class_list":["post-3632","post","type-post","status-publish","format-standard","has-post-thumbnail","hentry","category-aktuality"],"_links":{"self":[{"href":"https:\/\/pages.pedf.cuni.cz\/ksppg\/wp-json\/wp\/v2\/posts\/3632","targetHints":{"allow":["GET"]}}],"collection":[{"href":"https:\/\/pages.pedf.cuni.cz\/ksppg\/wp-json\/wp\/v2\/posts"}],"about":[{"href":"https:\/\/pages.pedf.cuni.cz\/ksppg\/wp-json\/wp\/v2\/types\/post"}],"author":[{"embeddable":true,"href":"https:\/\/pages.pedf.cuni.cz\/ksppg\/wp-json\/wp\/v2\/users\/465"}],"replies":[{"embeddable":true,"href":"https:\/\/pages.pedf.cuni.cz\/ksppg\/wp-json\/wp\/v2\/comments?post=3632"}],"version-history":[{"count":1,"href":"https:\/\/pages.pedf.cuni.cz\/ksppg\/wp-json\/wp\/v2\/posts\/3632\/revisions"}],"predecessor-version":[{"id":3633,"href":"https:\/\/pages.pedf.cuni.cz\/ksppg\/wp-json\/wp\/v2\/posts\/3632\/revisions\/3633"}],"wp:featuredmedia":[{"embeddable":true,"href":"https:\/\/pages.pedf.cuni.cz\/ksppg\/wp-json\/wp\/v2\/media\/3595"}],"wp:attachment":[{"href":"https:\/\/pages.pedf.cuni.cz\/ksppg\/wp-json\/wp\/v2\/media?parent=3632"}],"wp:term":[{"taxonomy":"category","embeddable":true,"href":"https:\/\/pages.pedf.cuni.cz\/ksppg\/wp-json\/wp\/v2\/categories?post=3632"},{"taxonomy":"post_tag","embeddable":true,"href":"https:\/\/pages.pedf.cuni.cz\/ksppg\/wp-json\/wp\/v2\/tags?post=3632"}],"curies":[{"name":"wp","href":"https:\/\/api.w.org\/{rel}","templated":true}]}}