{"id":3656,"date":"2024-09-20T10:45:29","date_gmt":"2024-09-20T08:45:29","guid":{"rendered":"https:\/\/pages.pedf.cuni.cz\/ksppg\/?p=3656"},"modified":"2024-09-20T10:45:38","modified_gmt":"2024-09-20T08:45:38","slug":"3656","status":"publish","type":"post","link":"https:\/\/pages.pedf.cuni.cz\/ksppg\/archives\/3656","title":{"rendered":"Konference"},"content":{"rendered":"<p align=\"left\">V\u00e1\u017een\u00e9 studentky, v\u00e1\u017een\u00ed studenti,<\/p>\n<p align=\"left\">srde\u010dn\u011b V\u00e1s zveme, a\u0165 ji\u017e jako pasivn\u00ed \u00fa\u010dastn\u00edky, nebo aktivn\u00ed prezentuj\u00edc\u00ed na nadch\u00e1zej\u00edc\u00ed konferenci <strong><a href=\"https:\/\/pages.pedf.cuni.cz\/konference-ctu\/\"><span style=\"color: #339966\">Po\u010d\u00e1te\u010dn\u00ed \u010dten\u00ed: \u010dtu a st\u00e1v\u00e1m se \u010dten\u00e1\u0159em<\/span><\/a><\/strong>, kter\u00e1 se uskute\u010dn\u00ed dne 25.9.2024 na Pedagogick\u00e9 fakult\u011b Univerzity Karlovy.<\/p>\n<p align=\"left\"><strong>Kdy<\/strong>: <strong>25.9.2024<\/strong><br \/>\n<strong>Kde<\/strong>: <strong>Pedagogick\u00e1 fakulta UK, Magdal\u00e9ny Rettigov\u00e9 4, 116 39 Praha 1<\/strong><br \/>\n<strong>Registrace<\/strong>: <strong><a href=\"https:\/\/pages.pedf.cuni.cz\/konference-ctu\/prihlasovani\/\"><span style=\"color: #339966\">zde<\/span><\/a><\/strong><\/p>\n<p align=\"left\">Konference navazuje na ji\u017e realizovan\u00e9 konference v letech 2014, 2016, 2018 a 2022. Jej\u00edm c\u00edlem je p\u0159edstavit nov\u00e9 poznatky vze\u0161l\u00e9 z v\u00fdzkum\u016f a projekt\u016f, ale tak\u00e9 d\u00e1t prostor praktick\u00fdm zku\u0161enostem a osv\u011bd\u010den\u00fdm postup\u016fm ze v\u0161ech aktivit podporuj\u00edc\u00edch rozvoj \u010dten\u00e1\u0159sk\u00e9 pregramotnosti, gramotnosti a \u010dten\u00e1\u0159stv\u00ed u na\u0161ich d\u011bt\u00ed a \u017e\u00e1k\u016f, z pohledu r\u016fzn\u00fdch v\u011bdn\u00edch discipl\u00edn.<\/p>\n","protected":false},"excerpt":{"rendered":"<p>V\u00e1\u017een\u00e9 studentky, v\u00e1\u017een\u00ed studenti, srde\u010dn\u011b V\u00e1s zveme, a\u0165 ji\u017e jako pasivn\u00ed \u00fa\u010dastn\u00edky, nebo aktivn\u00ed prezentuj\u00edc\u00ed na nadch\u00e1zej\u00edc\u00ed konferenci Po\u010d\u00e1te\u010dn\u00ed \u010dten\u00ed: \u010dtu a st\u00e1v\u00e1m se \u010dten\u00e1\u0159em, kter\u00e1 se uskute\u010dn\u00ed dne 25.9.2024&#8230; <\/p>\n","protected":false},"author":465,"featured_media":3599,"comment_status":"closed","ping_status":"closed","sticky":false,"template":"","format":"standard","meta":{"footnotes":""},"categories":[4626],"tags":[],"class_list":["post-3656","post","type-post","status-publish","format-standard","has-post-thumbnail","hentry","category-aktuality"],"_links":{"self":[{"href":"https:\/\/pages.pedf.cuni.cz\/ksppg\/wp-json\/wp\/v2\/posts\/3656","targetHints":{"allow":["GET"]}}],"collection":[{"href":"https:\/\/pages.pedf.cuni.cz\/ksppg\/wp-json\/wp\/v2\/posts"}],"about":[{"href":"https:\/\/pages.pedf.cuni.cz\/ksppg\/wp-json\/wp\/v2\/types\/post"}],"author":[{"embeddable":true,"href":"https:\/\/pages.pedf.cuni.cz\/ksppg\/wp-json\/wp\/v2\/users\/465"}],"replies":[{"embeddable":true,"href":"https:\/\/pages.pedf.cuni.cz\/ksppg\/wp-json\/wp\/v2\/comments?post=3656"}],"version-history":[{"count":2,"href":"https:\/\/pages.pedf.cuni.cz\/ksppg\/wp-json\/wp\/v2\/posts\/3656\/revisions"}],"predecessor-version":[{"id":3658,"href":"https:\/\/pages.pedf.cuni.cz\/ksppg\/wp-json\/wp\/v2\/posts\/3656\/revisions\/3658"}],"wp:featuredmedia":[{"embeddable":true,"href":"https:\/\/pages.pedf.cuni.cz\/ksppg\/wp-json\/wp\/v2\/media\/3599"}],"wp:attachment":[{"href":"https:\/\/pages.pedf.cuni.cz\/ksppg\/wp-json\/wp\/v2\/media?parent=3656"}],"wp:term":[{"taxonomy":"category","embeddable":true,"href":"https:\/\/pages.pedf.cuni.cz\/ksppg\/wp-json\/wp\/v2\/categories?post=3656"},{"taxonomy":"post_tag","embeddable":true,"href":"https:\/\/pages.pedf.cuni.cz\/ksppg\/wp-json\/wp\/v2\/tags?post=3656"}],"curies":[{"name":"wp","href":"https:\/\/api.w.org\/{rel}","templated":true}]}}