{"id":3677,"date":"2024-10-08T10:09:44","date_gmt":"2024-10-08T08:09:44","guid":{"rendered":"https:\/\/pages.pedf.cuni.cz\/ksppg\/?p=3677"},"modified":"2024-10-08T10:11:39","modified_gmt":"2024-10-08T08:11:39","slug":"konference-skolni-psychologie-v-cr-kam-kracis","status":"publish","type":"post","link":"https:\/\/pages.pedf.cuni.cz\/ksppg\/archives\/3677","title":{"rendered":"Konference: \u0160koln\u00ed Psychologie v \u010cR \u2013 Kam kr\u00e1\u010d\u00ed\u0161?"},"content":{"rendered":"<h3>Konference: \u0160koln\u00ed Psychologie v \u010cR \u2013 Kam kr\u00e1\u010d\u00ed\u0161?<\/h3>\n<p><span style=\"color: #008000\"><a style=\"color: #008000\" href=\"https:\/\/skolnipsychologie.cz\/\"><strong>Asociace \u0161koln\u00ed psychologie<\/strong> <\/a><\/span>ve spolupr\u00e1ci s Katedrou psychologie Pedagogick\u00e9 fakulty Univerzity Karlovy V\u00e1s srde\u010dn\u011b zvou na konferenci zam\u011b\u0159enou na budoucnost \u0161koln\u00ed psychologie v \u010cesk\u00e9 republice.<\/p>\n<p>\ud83d\uddd3\ufe0f <strong>Datum a \u010das:<\/strong> 26. z\u00e1\u0159\u00ed 2024, 9:30 &#8211; 16:30 hodin<br \/>\n\ud83d\udccd <strong>M\u00edsto:<\/strong> Pedagogick\u00e1 fakulta, Praha 1<br \/>\n\ud83d\udcb3 <strong>Cena:<\/strong> od 350 K\u010d<br \/>\n\ud83d\udcc5 <strong>P\u0159ihl\u00e1\u0161ka <a href=\"https:\/\/docs.google.com\/forms\/d\/e\/1FAIpQLSf2IT8Sod1LOGK20riqv0w_mSxdVUJaQFfyiWxrjlm-zGo6Yw\/viewform\"><span style=\"color: #008000\">zde<\/span><\/a><\/strong><\/p>\n<p><a href=\"https:\/\/pages.pedf.cuni.cz\/ksppg\/files\/2024\/09\/SP.png\"><img loading=\"lazy\" decoding=\"async\" class=\"alignleft wp-image-3660 size-full\" src=\"https:\/\/pages.pedf.cuni.cz\/ksppg\/files\/2024\/09\/SP.png\" alt=\"\" width=\"664\" height=\"938\" srcset=\"https:\/\/pages.pedf.cuni.cz\/ksppg\/files\/2024\/09\/SP.png 664w, https:\/\/pages.pedf.cuni.cz\/ksppg\/files\/2024\/09\/SP-212x300.png 212w\" sizes=\"auto, (max-width: 664px) 100vw, 664px\" \/><\/a><\/p>\n","protected":false},"excerpt":{"rendered":"<p>Konference: \u0160koln\u00ed Psychologie v \u010cR \u2013 Kam kr\u00e1\u010d\u00ed\u0161? Asociace \u0161koln\u00ed psychologie ve spolupr\u00e1ci s Katedrou psychologie Pedagogick\u00e9 fakulty Univerzity Karlovy V\u00e1s srde\u010dn\u011b zvou na konferenci zam\u011b\u0159enou na budoucnost \u0161koln\u00ed psychologie&#8230; <\/p>\n","protected":false},"author":465,"featured_media":3662,"comment_status":"closed","ping_status":"closed","sticky":false,"template":"","format":"standard","meta":{"footnotes":""},"categories":[4626],"tags":[],"class_list":["post-3677","post","type-post","status-publish","format-standard","has-post-thumbnail","hentry","category-aktuality"],"_links":{"self":[{"href":"https:\/\/pages.pedf.cuni.cz\/ksppg\/wp-json\/wp\/v2\/posts\/3677","targetHints":{"allow":["GET"]}}],"collection":[{"href":"https:\/\/pages.pedf.cuni.cz\/ksppg\/wp-json\/wp\/v2\/posts"}],"about":[{"href":"https:\/\/pages.pedf.cuni.cz\/ksppg\/wp-json\/wp\/v2\/types\/post"}],"author":[{"embeddable":true,"href":"https:\/\/pages.pedf.cuni.cz\/ksppg\/wp-json\/wp\/v2\/users\/465"}],"replies":[{"embeddable":true,"href":"https:\/\/pages.pedf.cuni.cz\/ksppg\/wp-json\/wp\/v2\/comments?post=3677"}],"version-history":[{"count":2,"href":"https:\/\/pages.pedf.cuni.cz\/ksppg\/wp-json\/wp\/v2\/posts\/3677\/revisions"}],"predecessor-version":[{"id":3679,"href":"https:\/\/pages.pedf.cuni.cz\/ksppg\/wp-json\/wp\/v2\/posts\/3677\/revisions\/3679"}],"wp:featuredmedia":[{"embeddable":true,"href":"https:\/\/pages.pedf.cuni.cz\/ksppg\/wp-json\/wp\/v2\/media\/3662"}],"wp:attachment":[{"href":"https:\/\/pages.pedf.cuni.cz\/ksppg\/wp-json\/wp\/v2\/media?parent=3677"}],"wp:term":[{"taxonomy":"category","embeddable":true,"href":"https:\/\/pages.pedf.cuni.cz\/ksppg\/wp-json\/wp\/v2\/categories?post=3677"},{"taxonomy":"post_tag","embeddable":true,"href":"https:\/\/pages.pedf.cuni.cz\/ksppg\/wp-json\/wp\/v2\/tags?post=3677"}],"curies":[{"name":"wp","href":"https:\/\/api.w.org\/{rel}","templated":true}]}}