{"id":3688,"date":"2024-10-21T23:38:28","date_gmt":"2024-10-21T21:38:28","guid":{"rendered":"https:\/\/pages.pedf.cuni.cz\/ksppg\/?p=3688"},"modified":"2024-10-21T23:38:28","modified_gmt":"2024-10-21T21:38:28","slug":"konference-lecebna-pedagogika","status":"publish","type":"post","link":"https:\/\/pages.pedf.cuni.cz\/ksppg\/archives\/3688","title":{"rendered":"Konference &#8211; l\u00e9\u010debn\u00e1 pedagogika"},"content":{"rendered":"<h2><strong>Pozv\u00e1nka na odbornou konferenci k v\u00fdro\u010d\u00ed 100 let l\u00e9\u010debn\u00e9 pedagogiky<\/strong><\/h2>\n<p><strong>Zveme v\u0161echny studenty, pedagogy a odborn\u00edky z oblasti speci\u00e1ln\u00ed pedagogiky na konferenci po\u0159\u00e1danou k v\u00fdznamn\u00e9mu v\u00fdro\u010d\u00ed 100 let l\u00e9\u010debn\u00e9 pedagogiky.<\/strong><\/p>\n<p><strong>M\u00edsto kon\u00e1n\u00ed:<\/strong><br \/>\n1) Antroposofick\u00e1 spole\u010dnost \u010cR, Ho\u0161\u0165\u00e1lkova 392, Praha 6 (9:00 \u2013 17:00)<br \/>\n2) Divadlo Za plotem, \u00dastavn\u00ed 249, Praha 8 (19:00 \u2013 21:30)<\/p>\n<p><strong>Term\u00edn:<\/strong> 19. 10. 2024<br \/>\n<strong>Celodenn\u00ed vstupn\u00e9:<\/strong> 1000 K\u010d (v\u010detn\u011b divadeln\u00edho p\u0159edstaven\u00ed)<br \/>\n<strong>Vstupn\u00e9 na divadeln\u00ed p\u0159edstaven\u00ed:<\/strong> 250 K\u010d<br \/>\n<strong>Str\u00e1nky konference<\/strong> <strong><a href=\"https:\/\/www.akademietabor.cz\/cs\/setkani-ke-100-vyroci-lecebne-pedagogiky\/44\/152\/0\/#article-152\"><span style=\"color: #008000\">zde<\/span><\/a><\/strong><\/p>\n<p>Jedn\u00e1 se o mimo\u0159\u00e1dnou p\u0159\u00edle\u017eitost setkat se se z\u00e1stupci sv\u011btov\u00e9ho a \u010desk\u00e9ho l\u00e9\u010debn\u011b pedagogick\u00e9ho hnut\u00ed a vyslechnout si p\u0159edn\u00e1\u0161ky od p\u0159edn\u00edch odborn\u00edk\u016f na tuto problematiku. Mezi hlavn\u00ed p\u0159edn\u00e1\u0161ej\u00edc\u00ed pat\u0159\u00ed PhDr. Ane\u017eka Jan\u00e1tov\u00e1, zakladatelka Asociace pro l\u00e9\u010debnou pedagogiku v \u010cR, Dr. Phil. Jan G\u00f6schel, prezident Camphill Academy, Sonja Zausch, soci\u00e1ln\u00ed eurytmistka, a Ralf Giese, dlouholet\u00fd odborn\u00edk na pr\u00e1ci s mlad\u00fdmi lidmi s probl\u00e9mov\u00fdm chov\u00e1n\u00edm.<\/p>\n<p>Konference bude zakon\u010dena divadeln\u00edm p\u0159edstaven\u00edm \u201e&#8230; a z noci: Ka\u0161par\u201c, kter\u00e9 p\u0159ipomene odkaz Ka\u0161para Hausera a jeho spojen\u00ed s l\u00e9\u010debnou pedagogikou.<\/p>\n<p><strong>Podrobnosti o programu konference najdete na <a href=\"https:\/\/www.akademietabor.cz\" target=\"_new\" rel=\"noopener\"><span style=\"color: #008000\">www.akademietabor.cz<\/span><\/a><\/strong><\/p>\n<p><strong>P\u0159ihl\u00e1\u0161ky zas\u00edlejte na e-mail: <span style=\"color: #008000\"><a style=\"color: #008000\" rel=\"noopener\">posta@akademietabor.cz<\/a><\/span><\/strong><br \/>\nUve\u010fte jm\u00e9no a p\u0159\u00edjmen\u00ed, faktura\u010dn\u00ed adresu, telefonick\u00fd kontakt, p\u0159\u00edpadn\u011b jm\u00e9no organizace.<\/p>\n<p><a href=\"https:\/\/pages.pedf.cuni.cz\/ksppg\/files\/2024\/10\/Vyroci-verejnost-final.pdf\"><strong><span style=\"color: #008000\">POZV\u00c1NKA ke sta\u017een\u00ed<\/span><\/strong><\/a><\/p>\n<p><em>T\u011b\u0161\u00edme se na Va\u0161i \u00fa\u010dast!<\/em><\/p>\n","protected":false},"excerpt":{"rendered":"<p>Pozv\u00e1nka na odbornou konferenci k v\u00fdro\u010d\u00ed 100 let l\u00e9\u010debn\u00e9 pedagogiky Zveme v\u0161echny studenty, pedagogy a odborn\u00edky z oblasti speci\u00e1ln\u00ed pedagogiky na konferenci po\u0159\u00e1danou k v\u00fdznamn\u00e9mu v\u00fdro\u010d\u00ed 100 let l\u00e9\u010debn\u00e9 pedagogiky&#8230;. <\/p>\n","protected":false},"author":465,"featured_media":3684,"comment_status":"closed","ping_status":"closed","sticky":false,"template":"","format":"standard","meta":{"footnotes":""},"categories":[4626],"tags":[],"class_list":["post-3688","post","type-post","status-publish","format-standard","has-post-thumbnail","hentry","category-aktuality"],"_links":{"self":[{"href":"https:\/\/pages.pedf.cuni.cz\/ksppg\/wp-json\/wp\/v2\/posts\/3688","targetHints":{"allow":["GET"]}}],"collection":[{"href":"https:\/\/pages.pedf.cuni.cz\/ksppg\/wp-json\/wp\/v2\/posts"}],"about":[{"href":"https:\/\/pages.pedf.cuni.cz\/ksppg\/wp-json\/wp\/v2\/types\/post"}],"author":[{"embeddable":true,"href":"https:\/\/pages.pedf.cuni.cz\/ksppg\/wp-json\/wp\/v2\/users\/465"}],"replies":[{"embeddable":true,"href":"https:\/\/pages.pedf.cuni.cz\/ksppg\/wp-json\/wp\/v2\/comments?post=3688"}],"version-history":[{"count":1,"href":"https:\/\/pages.pedf.cuni.cz\/ksppg\/wp-json\/wp\/v2\/posts\/3688\/revisions"}],"predecessor-version":[{"id":3689,"href":"https:\/\/pages.pedf.cuni.cz\/ksppg\/wp-json\/wp\/v2\/posts\/3688\/revisions\/3689"}],"wp:featuredmedia":[{"embeddable":true,"href":"https:\/\/pages.pedf.cuni.cz\/ksppg\/wp-json\/wp\/v2\/media\/3684"}],"wp:attachment":[{"href":"https:\/\/pages.pedf.cuni.cz\/ksppg\/wp-json\/wp\/v2\/media?parent=3688"}],"wp:term":[{"taxonomy":"category","embeddable":true,"href":"https:\/\/pages.pedf.cuni.cz\/ksppg\/wp-json\/wp\/v2\/categories?post=3688"},{"taxonomy":"post_tag","embeddable":true,"href":"https:\/\/pages.pedf.cuni.cz\/ksppg\/wp-json\/wp\/v2\/tags?post=3688"}],"curies":[{"name":"wp","href":"https:\/\/api.w.org\/{rel}","templated":true}]}}