{"id":3693,"date":"2024-10-22T15:43:07","date_gmt":"2024-10-22T13:43:07","guid":{"rendered":"https:\/\/pages.pedf.cuni.cz\/ksppg\/?p=3693"},"modified":"2024-10-22T15:43:07","modified_gmt":"2024-10-22T13:43:07","slug":"akreditovany-kurz","status":"publish","type":"post","link":"https:\/\/pages.pedf.cuni.cz\/ksppg\/archives\/3693","title":{"rendered":"Akreditovan\u00fd kurz"},"content":{"rendered":"<p>V\u00e1\u017een\u00e9 studentky, v\u00e1\u017een\u00ed studenti,<\/p>\n<p>r\u00e1di bychom V\u00e1s informovali o nab\u00eddce z\u00fa\u010dastnit se akreditovan\u00e9ho <strong>kurzu pro instruktory prostorov\u00e9 orientace a samostatn\u00e9ho pohybu nevidom\u00fdch a slabozrak\u00fdch, <\/strong>kter\u00fd organizuje <strong><a href=\"https:\/\/asociacerodicu.estranky.cz\/\">Asociace rodi\u010d\u016f a p\u0159\u00e1tel d\u011bt\u00ed nevidom\u00fdch a slabozrak\u00fdch v \u010cR<\/a><\/strong>.<\/p>\n<p>Kurz je ur\u010den pro pedagogy, speci\u00e1ln\u00ed pedagogy, pracovn\u00edky v soci\u00e1ln\u00edch slu\u017eb\u00e1ch a dal\u0161\u00ed z\u00e1jemce z oboru. V\u00fduka zahrnuje praktick\u00e1 cvi\u010den\u00ed zam\u011b\u0159en\u00e1 na pohyb s b\u00edlou hol\u00ed, pr\u00e1ci s vodic\u00edm psem, p\u0159ech\u00e1zen\u00ed \u017eelezni\u010dn\u00edch p\u0159ejezd\u016f, sportovn\u00ed aktivity a orientaci slabozrak\u00fdch. Kurz prob\u00edh\u00e1 od \u0159\u00edjna 2024 do \u010dervna 2025 ve form\u011b prodlou\u017een\u00fdch v\u00edkend\u016f. Cena je 46 500 K\u010d s mo\u017enost\u00ed spl\u00e1tek a finan\u010dn\u00ed podpory od Nada\u010dn\u00edho fondu \u010cesk\u00e9ho rozhlasu.<\/p>\n<p><strong>Podrobn\u00e9 informace naleznete na tomto odkazu: <\/strong><a href=\"https:\/\/pages.pedf.cuni.cz\/ksppg\/files\/2024\/09\/Kvalifikacni-kurz-instruktora-prostorove-orientace-2024-2025.pdf\"><strong><span style=\"color: #008000\">Kvalifika\u010dn\u00ed kurz instruktora prostorov\u00e9 orientace 2024-2025<\/span><\/strong><\/a><\/p>\n<p><strong>V\u00edce informac\u00ed a p\u0159ihl\u00e1\u0161ky naleznete <span style=\"color: #008000\"><a style=\"color: #008000\" href=\"https:\/\/forms.gle\/FP3iha4qJjW4PGgj6\" target=\"_new\" rel=\"noopener\">zde<\/a>.<\/span><\/strong><\/p>\n","protected":false},"excerpt":{"rendered":"<p>V\u00e1\u017een\u00e9 studentky, v\u00e1\u017een\u00ed studenti, r\u00e1di bychom V\u00e1s informovali o nab\u00eddce z\u00fa\u010dastnit se akreditovan\u00e9ho kurzu pro instruktory prostorov\u00e9 orientace a samostatn\u00e9ho pohybu nevidom\u00fdch a slabozrak\u00fdch, kter\u00fd organizuje Asociace rodi\u010d\u016f a p\u0159\u00e1tel&#8230; <\/p>\n","protected":false},"author":465,"featured_media":3649,"comment_status":"closed","ping_status":"closed","sticky":false,"template":"","format":"standard","meta":{"footnotes":""},"categories":[4626],"tags":[],"class_list":["post-3693","post","type-post","status-publish","format-standard","has-post-thumbnail","hentry","category-aktuality"],"_links":{"self":[{"href":"https:\/\/pages.pedf.cuni.cz\/ksppg\/wp-json\/wp\/v2\/posts\/3693","targetHints":{"allow":["GET"]}}],"collection":[{"href":"https:\/\/pages.pedf.cuni.cz\/ksppg\/wp-json\/wp\/v2\/posts"}],"about":[{"href":"https:\/\/pages.pedf.cuni.cz\/ksppg\/wp-json\/wp\/v2\/types\/post"}],"author":[{"embeddable":true,"href":"https:\/\/pages.pedf.cuni.cz\/ksppg\/wp-json\/wp\/v2\/users\/465"}],"replies":[{"embeddable":true,"href":"https:\/\/pages.pedf.cuni.cz\/ksppg\/wp-json\/wp\/v2\/comments?post=3693"}],"version-history":[{"count":1,"href":"https:\/\/pages.pedf.cuni.cz\/ksppg\/wp-json\/wp\/v2\/posts\/3693\/revisions"}],"predecessor-version":[{"id":3694,"href":"https:\/\/pages.pedf.cuni.cz\/ksppg\/wp-json\/wp\/v2\/posts\/3693\/revisions\/3694"}],"wp:featuredmedia":[{"embeddable":true,"href":"https:\/\/pages.pedf.cuni.cz\/ksppg\/wp-json\/wp\/v2\/media\/3649"}],"wp:attachment":[{"href":"https:\/\/pages.pedf.cuni.cz\/ksppg\/wp-json\/wp\/v2\/media?parent=3693"}],"wp:term":[{"taxonomy":"category","embeddable":true,"href":"https:\/\/pages.pedf.cuni.cz\/ksppg\/wp-json\/wp\/v2\/categories?post=3693"},{"taxonomy":"post_tag","embeddable":true,"href":"https:\/\/pages.pedf.cuni.cz\/ksppg\/wp-json\/wp\/v2\/tags?post=3693"}],"curies":[{"name":"wp","href":"https:\/\/api.w.org\/{rel}","templated":true}]}}