{"id":987,"date":"2025-01-25T13:17:00","date_gmt":"2025-01-25T12:17:00","guid":{"rendered":"https:\/\/pages.pedf.cuni.cz\/nedostatekucitelu\/?p=987"},"modified":"2026-02-03T12:52:21","modified_gmt":"2026-02-03T11:52:21","slug":"odborny-seminar-k-projekcim-na-msmt","status":"publish","type":"post","link":"https:\/\/pages.pedf.cuni.cz\/nedostatekucitelu\/odborny-seminar-k-projekcim-na-msmt\/","title":{"rendered":"Odborn\u00fd semin\u00e1\u0159 k projekc\u00edm na M\u0160MT"},"content":{"rendered":"\n<p>V lednu 2025 se uskute\u010dnil odborn\u00fd semin\u00e1\u0159, na n\u011bm\u017e \u0159e\u0161itel\u00e9 projektu p\u0159edstavili dosavadn\u00ed v\u00fdsledky \u0161et\u0159en\u00ed, anal\u00fdz a projekc\u00ed realizovan\u00fdch v pr\u016fb\u011bhu \u0159e\u0161en\u00ed projektu. Semin\u00e1\u0159e se z\u00fa\u010dastnilo n\u011bkolik des\u00edtek pracovn\u00edk\u016f aplika\u010dn\u00edho garanta (M\u0160MT) a dal\u0161\u00edch organizac\u00ed v resortu (NPI a \u010c\u0160I). Semin\u00e1\u0159 prob\u00edhal jako podp\u016frn\u00e1 aktivita p\u0159\u00edprav vl\u00e1dn\u00edho \u201eProgramu na podporu nav\u00fd\u0161en\u00ed kapacit ve\u0159ejn\u00fdch vysok\u00fdch \u0161kol v u\u010ditelsk\u00fdch, speci\u00e1ln\u011b pedagogick\u00fdch a psychologick\u00fdch studijn\u00edch programech na obdob\u00ed 2026\u20132037\u201c.<\/p>\n\n\n\n<!--more-->\n\n\n\n<div data-wp-interactive=\"core\/file\" class=\"wp-block-file\"><object data-wp-bind--hidden=\"!state.hasPdfPreview\" hidden class=\"wp-block-file__embed\" data=\"https:\/\/pages.pedf.cuni.cz\/nedostatekucitelu\/files\/2025\/01\/Priloha_2-4_Workshop_k_predikcim.pdf\" type=\"application\/pdf\" style=\"width:100%;height:600px\" aria-label=\"Vlo\u017eit z Priloha_2-4_Workshop_k_predikcim.\"><\/object><a id=\"wp-block-file--media-96f1362b-1d50-46dd-91a4-8c48f9516646\" href=\"https:\/\/pages.pedf.cuni.cz\/nedostatekucitelu\/files\/2025\/01\/Priloha_2-4_Workshop_k_predikcim.pdf\">Priloha_2-4_Workshop_k_predikcim<\/a><a href=\"https:\/\/pages.pedf.cuni.cz\/nedostatekucitelu\/files\/2025\/01\/Priloha_2-4_Workshop_k_predikcim.pdf\" class=\"wp-block-file__button wp-element-button\" download aria-describedby=\"wp-block-file--media-96f1362b-1d50-46dd-91a4-8c48f9516646\">St\u00e1hnout<\/a><\/div>\n","protected":false},"excerpt":{"rendered":"<p>V lednu 2025 se uskute\u010dnil odborn\u00fd semin\u00e1\u0159, na n\u011bm\u017e \u0159e\u0161itel\u00e9 projektu p\u0159edstavili dosavadn\u00ed v\u00fdsledky \u0161et\u0159en\u00ed, anal\u00fdz a projekc\u00ed realizovan\u00fdch v pr\u016fb\u011bhu \u0159e\u0161en\u00ed projektu. Semin\u00e1\u0159e se z\u00fa\u010dastnilo n\u011bkolik des\u00edtek pracovn\u00edk\u016f aplika\u010dn\u00edho garanta (M\u0160MT) a dal\u0161\u00edch organizac\u00ed v resortu (NPI a \u010c\u0160I).<\/p>\n","protected":false},"author":545,"featured_media":0,"comment_status":"closed","ping_status":"closed","sticky":false,"template":"","format":"standard","meta":{"footnotes":""},"categories":[31013],"tags":[],"class_list":["post-987","post","type-post","status-publish","format-standard","hentry","category-dilci-vystupy"],"_links":{"self":[{"href":"https:\/\/pages.pedf.cuni.cz\/nedostatekucitelu\/wp-json\/wp\/v2\/posts\/987","targetHints":{"allow":["GET"]}}],"collection":[{"href":"https:\/\/pages.pedf.cuni.cz\/nedostatekucitelu\/wp-json\/wp\/v2\/posts"}],"about":[{"href":"https:\/\/pages.pedf.cuni.cz\/nedostatekucitelu\/wp-json\/wp\/v2\/types\/post"}],"author":[{"embeddable":true,"href":"https:\/\/pages.pedf.cuni.cz\/nedostatekucitelu\/wp-json\/wp\/v2\/users\/545"}],"replies":[{"embeddable":true,"href":"https:\/\/pages.pedf.cuni.cz\/nedostatekucitelu\/wp-json\/wp\/v2\/comments?post=987"}],"version-history":[{"count":6,"href":"https:\/\/pages.pedf.cuni.cz\/nedostatekucitelu\/wp-json\/wp\/v2\/posts\/987\/revisions"}],"predecessor-version":[{"id":1023,"href":"https:\/\/pages.pedf.cuni.cz\/nedostatekucitelu\/wp-json\/wp\/v2\/posts\/987\/revisions\/1023"}],"wp:attachment":[{"href":"https:\/\/pages.pedf.cuni.cz\/nedostatekucitelu\/wp-json\/wp\/v2\/media?parent=987"}],"wp:term":[{"taxonomy":"category","embeddable":true,"href":"https:\/\/pages.pedf.cuni.cz\/nedostatekucitelu\/wp-json\/wp\/v2\/categories?post=987"},{"taxonomy":"post_tag","embeddable":true,"href":"https:\/\/pages.pedf.cuni.cz\/nedostatekucitelu\/wp-json\/wp\/v2\/tags?post=987"}],"curies":[{"name":"wp","href":"https:\/\/api.w.org\/{rel}","templated":true}]}}