{"id":989,"date":"2025-02-25T17:05:00","date_gmt":"2025-02-25T16:05:00","guid":{"rendered":"https:\/\/pages.pedf.cuni.cz\/nedostatekucitelu\/?p=989"},"modified":"2026-02-03T13:28:14","modified_gmt":"2026-02-03T12:28:14","slug":"tiskova-konference-msmt-ceskemu-skolstvi-hrozi-nedostatek-ucitelu","status":"publish","type":"post","link":"https:\/\/pages.pedf.cuni.cz\/nedostatekucitelu\/tiskova-konference-msmt-ceskemu-skolstvi-hrozi-nedostatek-ucitelu\/","title":{"rendered":"Tiskov\u00e1 konference M\u0160MT: \u010cesk\u00e9mu \u0161kolstv\u00ed hroz\u00ed nedostatek u\u010ditel\u016f"},"content":{"rendered":"\n<p>Dne 25. 2. 2025 uspo\u0159\u00e1dalo Ministerstvo \u0161kolstv\u00ed, ml\u00e1de\u017ee a t\u011blov\u00fdchovy \u010cR spole\u010dnou tiskovkou konferenci na t\u00e9ma:&nbsp;<strong>\u010cesk\u00e9mu \u0161kolstv\u00ed hroz\u00ed nedostatek u\u010ditel\u016f<\/strong>. Konference se \u00fa\u010dastnil ministr doc. PhDr. Mikul\u00e1\u0161 Bek, Ph.D., d\u011bkan Pedagogick\u00e9 fakulty UK doc. RNDr. Anton\u00edn Jan\u010da\u0159\u00edk, Ph.D. a hlavn\u00ed \u0159e\u0161itel projektu Ing. Jan Kouck\u00fd, Ph.D.<\/p>\n\n\n\n<!--more-->\n\n\n\n<p>Tiskov\u00e1 konference byla uspo\u0159\u00e1d\u00e1na k pr\u016fb\u011b\u017en\u00fdm z\u00e1v\u011br\u016fm projektu TA\u010cR TQ01000439 a pl\u00e1novan\u00fdm opat\u0159en\u00edm ministerstva.<\/p>\n\n\n\n<p><strong>Odkaz na tiskovou zpr\u00e1vu M\u0160MT:<\/strong> <\/p>\n\n\n\n<p><a href=\"https:\/\/msmt.gov.cz\/ministerstvo\/novinar\/podle-predikce-pedf-uk-hrozi-ceskemu-skolstvi-nedostatek\">https:\/\/msmt.gov.cz\/ministerstvo\/novinar\/podle-predikce-pedf-uk-hrozi-ceskemu-skolstvi-nedostatek<\/a><\/p>\n\n\n\n<p><strong>Tiskov\u00e1 zpr\u00e1va Pedagogick\u00e9 fakulty UK:<\/strong> <\/p>\n\n\n\n<p><a href=\"https:\/\/pedf.cuni.cz\/PEDF-865-version1-tz_nedostatek_ucitelu.pdf\">https:\/\/pedf.cuni.cz\/PEDF-865-version1-tz_nedostatek_ucitelu.pdf<\/a><\/p>\n\n\n\n<p><strong>Odkaz na tiskovou konferenci:<\/strong> <\/p>\n\n\n\n<p><a href=\"https:\/\/ct24.ceskatelevize.cz\/clanek\/domaci\/analyza-skolam-hrozi-nedostatek-ucitelu-pribyvat-bude-tech-nekvalifikovanych-358443\">https:\/\/ct24.ceskatelevize.cz\/clanek\/domaci\/analyza-skolam-hrozi-nedostatek-ucitelu-pribyvat-bude-tech-nekvalifikovanych-358443<\/a><\/p>\n","protected":false},"excerpt":{"rendered":"<p>Dne 25. 2. 2025 uspo\u0159\u00e1dalo Ministerstvo \u0161kolstv\u00ed, ml\u00e1de\u017ee a t\u011blov\u00fdchovy \u010cR spole\u010dnou tiskovkou konferenci na t\u00e9ma:&nbsp;\u010cesk\u00e9mu \u0161kolstv\u00ed hroz\u00ed nedostatek u\u010ditel\u016f. Konference se \u00fa\u010dastnil ministr doc. PhDr. Mikul\u00e1\u0161 Bek, Ph.D., d\u011bkan Pedagogick\u00e9 fakulty UK doc. RNDr. Anton\u00edn Jan\u010da\u0159\u00edk, Ph.D. a hlavn\u00ed<\/p>\n","protected":false},"author":545,"featured_media":998,"comment_status":"closed","ping_status":"closed","sticky":false,"template":"","format":"standard","meta":{"footnotes":""},"categories":[31013],"tags":[],"class_list":["post-989","post","type-post","status-publish","format-standard","has-post-thumbnail","hentry","category-dilci-vystupy"],"_links":{"self":[{"href":"https:\/\/pages.pedf.cuni.cz\/nedostatekucitelu\/wp-json\/wp\/v2\/posts\/989","targetHints":{"allow":["GET"]}}],"collection":[{"href":"https:\/\/pages.pedf.cuni.cz\/nedostatekucitelu\/wp-json\/wp\/v2\/posts"}],"about":[{"href":"https:\/\/pages.pedf.cuni.cz\/nedostatekucitelu\/wp-json\/wp\/v2\/types\/post"}],"author":[{"embeddable":true,"href":"https:\/\/pages.pedf.cuni.cz\/nedostatekucitelu\/wp-json\/wp\/v2\/users\/545"}],"replies":[{"embeddable":true,"href":"https:\/\/pages.pedf.cuni.cz\/nedostatekucitelu\/wp-json\/wp\/v2\/comments?post=989"}],"version-history":[{"count":8,"href":"https:\/\/pages.pedf.cuni.cz\/nedostatekucitelu\/wp-json\/wp\/v2\/posts\/989\/revisions"}],"predecessor-version":[{"id":1031,"href":"https:\/\/pages.pedf.cuni.cz\/nedostatekucitelu\/wp-json\/wp\/v2\/posts\/989\/revisions\/1031"}],"wp:featuredmedia":[{"embeddable":true,"href":"https:\/\/pages.pedf.cuni.cz\/nedostatekucitelu\/wp-json\/wp\/v2\/media\/998"}],"wp:attachment":[{"href":"https:\/\/pages.pedf.cuni.cz\/nedostatekucitelu\/wp-json\/wp\/v2\/media?parent=989"}],"wp:term":[{"taxonomy":"category","embeddable":true,"href":"https:\/\/pages.pedf.cuni.cz\/nedostatekucitelu\/wp-json\/wp\/v2\/categories?post=989"},{"taxonomy":"post_tag","embeddable":true,"href":"https:\/\/pages.pedf.cuni.cz\/nedostatekucitelu\/wp-json\/wp\/v2\/tags?post=989"}],"curies":[{"name":"wp","href":"https:\/\/api.w.org\/{rel}","templated":true}]}}