{"id":1119,"date":"2014-01-07T14:14:56","date_gmt":"2014-01-07T14:14:56","guid":{"rendered":"http:\/\/userweb.pedf.cuni.cz\/wp\/pedagogika\/?p=1119"},"modified":"2014-01-07T14:14:56","modified_gmt":"2014-01-07T14:14:56","slug":"co-neustale-dluzime-j-patockovi-aneb-patockuv-prirozeny-svet-a-soucasna-pedagogika","status":"publish","type":"post","link":"https:\/\/pages.pedf.cuni.cz\/pedagogika\/?p=1119","title":{"rendered":"<!--:cs-->Co neustale dlu\u017e\u00edme J. Pato\u010dkovi aneb pato\u010dk\u016fv p\u0159irozen\u00fd sv\u011bt a sou\u010dasn\u00e1 pedagogika<!--:--><!--:en-->Our Continuing Debt to J. Pato\u010dka orPatocka\u2018s Natural World and Contemporary Educational Theory<!--:-->"},"content":{"rendered":"","protected":false},"excerpt":{"rendered":"","protected":false},"author":291,"featured_media":0,"comment_status":"closed","ping_status":"closed","sticky":false,"template":"","format":"standard","meta":{"footnotes":""},"categories":[10169],"tags":[],"class_list":["post-1119","post","type-post","status-publish","format-standard","hentry","category-10169"],"_links":{"self":[{"href":"https:\/\/pages.pedf.cuni.cz\/pedagogika\/index.php?rest_route=\/wp\/v2\/posts\/1119","targetHints":{"allow":["GET"]}}],"collection":[{"href":"https:\/\/pages.pedf.cuni.cz\/pedagogika\/index.php?rest_route=\/wp\/v2\/posts"}],"about":[{"href":"https:\/\/pages.pedf.cuni.cz\/pedagogika\/index.php?rest_route=\/wp\/v2\/types\/post"}],"author":[{"embeddable":true,"href":"https:\/\/pages.pedf.cuni.cz\/pedagogika\/index.php?rest_route=\/wp\/v2\/users\/291"}],"replies":[{"embeddable":true,"href":"https:\/\/pages.pedf.cuni.cz\/pedagogika\/index.php?rest_route=%2Fwp%2Fv2%2Fcomments&post=1119"}],"version-history":[{"count":0,"href":"https:\/\/pages.pedf.cuni.cz\/pedagogika\/index.php?rest_route=\/wp\/v2\/posts\/1119\/revisions"}],"wp:attachment":[{"href":"https:\/\/pages.pedf.cuni.cz\/pedagogika\/index.php?rest_route=%2Fwp%2Fv2%2Fmedia&parent=1119"}],"wp:term":[{"taxonomy":"category","embeddable":true,"href":"https:\/\/pages.pedf.cuni.cz\/pedagogika\/index.php?rest_route=%2Fwp%2Fv2%2Fcategories&post=1119"},{"taxonomy":"post_tag","embeddable":true,"href":"https:\/\/pages.pedf.cuni.cz\/pedagogika\/index.php?rest_route=%2Fwp%2Fv2%2Ftags&post=1119"}],"curies":[{"name":"wp","href":"https:\/\/api.w.org\/{rel}","templated":true}]}}