{"id":11198,"date":"2015-07-02T15:49:19","date_gmt":"2015-07-02T13:49:19","guid":{"rendered":"http:\/\/pages.pedf.cuni.cz\/pedagogika\/?p=11198"},"modified":"2015-12-07T00:52:17","modified_gmt":"2015-12-06T23:52:17","slug":"ohlednuti-za-zivotem-a-dilem-doc-phdr-jiriho-pelikana-csc","status":"publish","type":"post","link":"https:\/\/pages.pedf.cuni.cz\/pedagogika\/?p=11198","title":{"rendered":"[:cs]Ohl\u00e9dnut\u00ed za \u017eivotem a d\u00edlem doc. PhDr. Ji\u0159\u00edho Pelik\u00e1na, CSc.[:en]A Look Back on the Life and Work of doc. PhDr. Ji\u0159\u00ed Pelik\u00e1n, CSc. [:]"},"content":{"rendered":"","protected":false},"excerpt":{"rendered":"","protected":false},"author":291,"featured_media":0,"comment_status":"closed","ping_status":"closed","sticky":false,"template":"","format":"standard","meta":{"footnotes":""},"categories":[16392],"tags":[],"class_list":["post-11198","post","type-post","status-publish","format-standard","hentry","category-16392"],"_links":{"self":[{"href":"https:\/\/pages.pedf.cuni.cz\/pedagogika\/index.php?rest_route=\/wp\/v2\/posts\/11198","targetHints":{"allow":["GET"]}}],"collection":[{"href":"https:\/\/pages.pedf.cuni.cz\/pedagogika\/index.php?rest_route=\/wp\/v2\/posts"}],"about":[{"href":"https:\/\/pages.pedf.cuni.cz\/pedagogika\/index.php?rest_route=\/wp\/v2\/types\/post"}],"author":[{"embeddable":true,"href":"https:\/\/pages.pedf.cuni.cz\/pedagogika\/index.php?rest_route=\/wp\/v2\/users\/291"}],"replies":[{"embeddable":true,"href":"https:\/\/pages.pedf.cuni.cz\/pedagogika\/index.php?rest_route=%2Fwp%2Fv2%2Fcomments&post=11198"}],"version-history":[{"count":0,"href":"https:\/\/pages.pedf.cuni.cz\/pedagogika\/index.php?rest_route=\/wp\/v2\/posts\/11198\/revisions"}],"wp:attachment":[{"href":"https:\/\/pages.pedf.cuni.cz\/pedagogika\/index.php?rest_route=%2Fwp%2Fv2%2Fmedia&parent=11198"}],"wp:term":[{"taxonomy":"category","embeddable":true,"href":"https:\/\/pages.pedf.cuni.cz\/pedagogika\/index.php?rest_route=%2Fwp%2Fv2%2Fcategories&post=11198"},{"taxonomy":"post_tag","embeddable":true,"href":"https:\/\/pages.pedf.cuni.cz\/pedagogika\/index.php?rest_route=%2Fwp%2Fv2%2Ftags&post=11198"}],"curies":[{"name":"wp","href":"https:\/\/api.w.org\/{rel}","templated":true}]}}